{"id":13345,"date":"2023-03-11T18:36:33","date_gmt":"2023-03-11T17:36:33","guid":{"rendered":"https:\/\/agora.xtec.cat\/ceippaucasals\/?p=13345"},"modified":"2023-03-11T18:38:45","modified_gmt":"2023-03-11T17:38:45","slug":"fem-una-entrevista-dins-del-projecte-a-prenem-el-sol","status":"publish","type":"post","link":"https:\/\/agora.xtec.cat\/ceippaucasals\/primaria\/4t\/fem-una-entrevista-dins-del-projecte-a-prenem-el-sol\/","title":{"rendered":"Fem una entrevista dins del projecte A-Prenem el Sol"},"content":{"rendered":"<p>Com ja sabeu, des de la Diputaci\u00f3 de Barcelona, se&#8217;ns va proposar als dos grups de 4t. de participar del projecte &#8220;A-Prenem el Sol\u201d.<\/p>\n<p><strong>&#8220;A-prenem el Sol<\/strong>\u00a0 \u00e9s un projecte d&#8217;educaci\u00f3 ambiental adre\u00e7at a centres educatius que tinguin una instal\u00b7laci\u00f3 solar fotovoltaica en r\u00e8gim d\u2019autoconsum a la coberta del centre. Aquesta instal\u00b7laci\u00f3 ser\u00e0 el punt de partida per a treballar, educar i sensibilitzar als infants d\u2019un curs en relaci\u00f3 amb les energies renovables i altres conceptes&#8221;<\/p>\n<p>Com que els nostres interessos i projectes de treball ja estaven orientats al coneixement de l&#8217;energia i les diferents formes d&#8217;obtenir-la i generar-la, ha resultat una proposta que ens ha perm\u00e8s d&#8217;aprofundir en molts aspectes, sobretot pel que es refereix a les energies renovables.<\/p>\n<p>El projecte &#8220;A-prenem el Sol&#8221; est\u00e0 tenint diferents etapes i avui hem realitzat una entrevista (a partir d&#8217;unes preguntes elaborades pr\u00e8viament) a diferents persones responsables tant de la implementaci\u00f3, com de fer difusi\u00f3 d&#8217;iniciatives que ens permetin anar mitigant el canvi clim\u00e0tic.<\/p>\n<p>El dijous 2 de mar\u00e7 hem rebut la visita a l&#8217;aula d&#8217;en Toni Massana, alcalde de Vacarisses, en Josep M. Ortiz, gestor energ\u00e8tic municipal, en Joan Basiana com a director de l&#8217;escola i l&#8217;Eloi Burriel que lidera i ens fa acompanyament en aquest projecte.<\/p>\n<p>Hem pogut realitzar les preguntes que hav\u00edem preparat i ha resultat un mat\u00ed la mar d&#8217;interessant.<\/p>\n<p>Estem molt agra\u00efdes i agra\u00efts que ens hagin pogut dedicar aquesta estona.<\/p>\n<p><a href=\"https:\/\/agora.xtec.cat\/ceippaucasals\/wp-content\/uploads\/usu990\/2023\/03\/web-scaled.jpg\"><img loading=\"lazy\" decoding=\"async\" class=\"aligncenter wp-image-13346 \" src=\"https:\/\/agora.xtec.cat\/ceippaucasals\/wp-content\/uploads\/usu990\/2023\/03\/web-950x1024.jpg\" alt=\"\" width=\"742\" height=\"800\" srcset=\"https:\/\/agora.xtec.cat\/ceippaucasals\/wp-content\/uploads\/usu990\/2023\/03\/web-950x1024.jpg 950w, https:\/\/agora.xtec.cat\/ceippaucasals\/wp-content\/uploads\/usu990\/2023\/03\/web-278x300.jpg 278w, https:\/\/agora.xtec.cat\/ceippaucasals\/wp-content\/uploads\/usu990\/2023\/03\/web-768x828.jpg 768w, https:\/\/agora.xtec.cat\/ceippaucasals\/wp-content\/uploads\/usu990\/2023\/03\/web-1425x1536.jpg 1425w, https:\/\/agora.xtec.cat\/ceippaucasals\/wp-content\/uploads\/usu990\/2023\/03\/web-1900x2048.jpg 1900w\" sizes=\"auto, (max-width: 742px) 100vw, 742px\" \/><\/a><\/p>\n","protected":false},"excerpt":{"rendered":"<p>Hem rebut la visita a l&#8217;aula d&#8217;en Toni Massana, alcalde de Vacarisses, en Josep M\u00aa Ortiz, gestor energ\u00e8tic municipal, en Joan Basiana com a director de l&#8217;escola i l&#8217;Eloi Burriel que lidera i ens fa acompanyament en aquest projecte: A-Prenem el Sol.<\/p>\n","protected":false},"author":1,"featured_media":13346,"comment_status":"open","ping_status":"closed","sticky":false,"template":"","format":"standard","meta":{"_bbp_topic_count":0,"_bbp_reply_count":0,"_bbp_total_topic_count":0,"_bbp_total_reply_count":0,"_bbp_voice_count":0,"_bbp_anonymous_reply_count":0,"_bbp_topic_count_hidden":0,"_bbp_reply_count_hidden":0,"_bbp_forum_subforum_count":0,"site-sidebar-layout":"default","site-content-layout":"","ast-site-content-layout":"","site-content-style":"default","site-sidebar-style":"default","ast-global-header-display":"","ast-banner-title-visibility":"","ast-main-header-display":"","ast-hfb-above-header-display":"","ast-hfb-below-header-display":"","ast-hfb-mobile-header-display":"","site-post-title":"","ast-breadcrumbs-content":"","ast-featured-img":"","footer-sml-layout":"","theme-transparent-header-meta":"","adv-header-id-meta":"","stick-header-meta":"","header-above-stick-meta":"","header-main-stick-meta":"","header-below-stick-meta":"","astra-migrate-meta-layouts":"default","ast-page-background-enabled":"default","ast-page-background-meta":{"desktop":{"background-color":"var(--ast-global-color-4)","background-image":"","background-repeat":"repeat","background-position":"center center","background-size":"auto","background-attachment":"scroll","background-type":"","background-media":"","overlay-type":"","overlay-color":"","overlay-opacity":"","overlay-gradient":""},"tablet":{"background-color":"","background-image":"","background-repeat":"repeat","background-position":"center center","background-size":"auto","background-attachment":"scroll","background-type":"","background-media":"","overlay-type":"","overlay-color":"","overlay-opacity":"","overlay-gradient":""},"mobile":{"background-color":"","background-image":"","background-repeat":"repeat","background-position":"center center","background-size":"auto","background-attachment":"scroll","background-type":"","background-media":"","overlay-type":"","overlay-color":"","overlay-opacity":"","overlay-gradient":""}},"ast-content-background-meta":{"desktop":{"background-color":"var(--ast-global-color-5)","background-image":"","background-repeat":"repeat","background-position":"center center","background-size":"auto","background-attachment":"scroll","background-type":"","background-media":"","overlay-type":"","overlay-color":"","overlay-opacity":"","overlay-gradient":""},"tablet":{"background-color":"var(--ast-global-color-5)","background-image":"","background-repeat":"repeat","background-position":"center center","background-size":"auto","background-attachment":"scroll","background-type":"","background-media":"","overlay-type":"","overlay-color":"","overlay-opacity":"","overlay-gradient":""},"mobile":{"background-color":"var(--ast-global-color-5)","background-image":"","background-repeat":"repeat","background-position":"center center","background-size":"auto","background-attachment":"scroll","background-type":"","background-media":"","overlay-type":"","overlay-color":"","overlay-opacity":"","overlay-gradient":""}},"footnotes":""},"categories":[13],"tags":[23,502],"class_list":["post-13345","post","type-post","status-publish","format-standard","has-post-thumbnail","hentry","category-4t","tag-4t","tag-a-prenem-el-sol"],"post_mailing_queue_ids":[],"_links":{"self":[{"href":"https:\/\/agora.xtec.cat\/ceippaucasals\/wp-json\/wp\/v2\/posts\/13345","targetHints":{"allow":["GET"]}}],"collection":[{"href":"https:\/\/agora.xtec.cat\/ceippaucasals\/wp-json\/wp\/v2\/posts"}],"about":[{"href":"https:\/\/agora.xtec.cat\/ceippaucasals\/wp-json\/wp\/v2\/types\/post"}],"author":[{"embeddable":true,"href":"https:\/\/agora.xtec.cat\/ceippaucasals\/wp-json\/wp\/v2\/users\/1"}],"replies":[{"embeddable":true,"href":"https:\/\/agora.xtec.cat\/ceippaucasals\/wp-json\/wp\/v2\/comments?post=13345"}],"version-history":[{"count":2,"href":"https:\/\/agora.xtec.cat\/ceippaucasals\/wp-json\/wp\/v2\/posts\/13345\/revisions"}],"predecessor-version":[{"id":13348,"href":"https:\/\/agora.xtec.cat\/ceippaucasals\/wp-json\/wp\/v2\/posts\/13345\/revisions\/13348"}],"wp:featuredmedia":[{"embeddable":true,"href":"https:\/\/agora.xtec.cat\/ceippaucasals\/wp-json\/wp\/v2\/media\/13346"}],"wp:attachment":[{"href":"https:\/\/agora.xtec.cat\/ceippaucasals\/wp-json\/wp\/v2\/media?parent=13345"}],"wp:term":[{"taxonomy":"category","embeddable":true,"href":"https:\/\/agora.xtec.cat\/ceippaucasals\/wp-json\/wp\/v2\/categories?post=13345"},{"taxonomy":"post_tag","embeddable":true,"href":"https:\/\/agora.xtec.cat\/ceippaucasals\/wp-json\/wp\/v2\/tags?post=13345"}],"curies":[{"name":"wp","href":"https:\/\/api.w.org\/{rel}","templated":true}]}}