{"id":13285,"date":"2023-02-28T13:09:03","date_gmt":"2023-02-28T12:09:03","guid":{"rendered":"https:\/\/agora.xtec.cat\/ceippaucasals\/?p=13285"},"modified":"2023-02-28T13:10:10","modified_gmt":"2023-02-28T12:10:10","slug":"taller-autoretrat-5es","status":"publish","type":"post","link":"https:\/\/agora.xtec.cat\/ceippaucasals\/primaria\/5e\/taller-autoretrat-5es\/","title":{"rendered":"TALLER AUTORETRAT. 5\u00e8s"},"content":{"rendered":"<p>L&#8217;alumnat de 5\u00e8 hem realitzat un taller amb l&#8217;acompanyament de l&#8217;Emanuele, pare de l&#8217;Amelie, alumna del nostre nivell.<\/p>\n<p>En el taller els nens i nenes van dibuixar i pintar un autoretrat utilitzant una fotografia en format A3, cartolines, pinzells, paper carb\u00f3 i pintures acr\u00edliques de color negre, blanc i magenta.<\/p>\n<p>Com a docents, dins la nostra metodologia, la creativitat ha de ser un pilar fonamental juntament amb la innovaci\u00f3. Dins del nostre curr\u00edculum actual, l&#8217;\u00e0rea d&#8217;educaci\u00f3 art\u00edstica, que inclou Educaci\u00f3 Pl\u00e0stica, Audiovisual i Visual, t\u00e9 un pes significatiu. I pensareu\u2026per qu\u00e8 \u00e9s tan important l\u2019expressi\u00f3 art\u00edstica?<\/p>\n<p>L\u2019art \u00e9s considerat un llenguatge universal pel seu poder de comunicaci\u00f3 que posa en evid\u00e8ncia la pres\u00e8ncia de determinades obres (missatges), produ\u00efdes per un artista (emissor), la missi\u00f3 de les quals \u00e9s establir comunicaci\u00f3 amb el p\u00fablic o receptor de la seva obra.<\/p>\n<p>La connexi\u00f3 amb l\u2019art estimula la creativitat i connecta amb la part m\u00e9s emocional dels nostres infants. Posant l\u2019accent en el proc\u00e9s i no tant en el resultat, aconseguirem extreure tot el potencial del nostre alumnat.<\/p>\n<p>A trav\u00e9s de l&#8217;observaci\u00f3 i la realitzaci\u00f3 d&#8217;obres, l\u2019infant apr\u00e8n, mitjan\u00e7ant la interacci\u00f3 amb els altres, a comunicar-se amb l\u2019entorn. Per aix\u00f2, \u00e9s clau que com a professionals li proporcionem al nostre alumnat eines que li permetin observar, experimentar i assimilar el m\u00f3n.<\/p>\n<p>L\u2019expressi\u00f3 pl\u00e0stica \u00e9s una de les activitats m\u00e9s espont\u00e0nies i gratificants per als infants. Esdev\u00e9 una activitat fonamentalment l\u00fadica i lliure en la qual l\u2019infant experimenta gaudint del proc\u00e9s art\u00edstic. Els llenguatges i t\u00e8cniques art\u00edstiques han de ser presents en el dia a dia a l\u2019escola.<\/p>\n<p>\u00c9s per aix\u00f2, que intentem sempre gaudir i aprendre dels altres, aprendre noves t\u00e8cniques que tenim a l&#8217;abast i que no fem servir per ignor\u00e0ncia. \u00c9s molt important saber respectar l&#8217;art del altres, la imaginaci\u00f3 i la creativitat ja que \u00e9s un m\u00f3n on tot val i casdac\u00fa t\u00e9 el seu punt de vista.<\/p>\n<p>Gr\u00e0cies Emanuele, per ensenyar-nos a descobrir aquesta t\u00e8cnica, a ser cr\u00edtics i a respectar el que nosaltres i els altres creem.<a href=\"https:\/\/agora.xtec.cat\/ceippaucasals\/wp-content\/uploads\/usu990\/2023\/02\/IMG_20230224_091332-scaled.jpg\"><img loading=\"lazy\" decoding=\"async\" class=\"alignnone size-large wp-image-13286\" src=\"https:\/\/agora.xtec.cat\/ceippaucasals\/wp-content\/uploads\/usu990\/2023\/02\/IMG_20230224_091332-768x1024.jpg\" alt=\"\" width=\"768\" height=\"1024\" srcset=\"https:\/\/agora.xtec.cat\/ceippaucasals\/wp-content\/uploads\/usu990\/2023\/02\/IMG_20230224_091332-768x1024.jpg 768w, https:\/\/agora.xtec.cat\/ceippaucasals\/wp-content\/uploads\/usu990\/2023\/02\/IMG_20230224_091332-225x300.jpg 225w, https:\/\/agora.xtec.cat\/ceippaucasals\/wp-content\/uploads\/usu990\/2023\/02\/IMG_20230224_091332-1152x1536.jpg 1152w, https:\/\/agora.xtec.cat\/ceippaucasals\/wp-content\/uploads\/usu990\/2023\/02\/IMG_20230224_091332-1536x2048.jpg 1536w, https:\/\/agora.xtec.cat\/ceippaucasals\/wp-content\/uploads\/usu990\/2023\/02\/IMG_20230224_091332-scaled.jpg 1920w\" sizes=\"auto, (max-width: 768px) 100vw, 768px\" \/><\/a><\/p>\n","protected":false},"excerpt":{"rendered":"<p>L&#8217;alumnat de 5\u00e8 hem realitzat un taller amb l&#8217;acompanyament de l&#8217;Emanuele, pare de l&#8217;Amelie, alumna del nostre nivell. En el taller els nens i nenes van dibuixar i pintar un autoretrat utilitzant una fotografia en format A3, cartolines, pinzells, paper carb\u00f3 i pintures acr\u00edliques de color negre, blanc i magenta. Com a docents, dins la [&hellip;]<\/p>\n","protected":false},"author":61,"featured_media":13286,"comment_status":"open","ping_status":"closed","sticky":false,"template":"","format":"standard","meta":{"_bbp_topic_count":0,"_bbp_reply_count":0,"_bbp_total_topic_count":0,"_bbp_total_reply_count":0,"_bbp_voice_count":0,"_bbp_anonymous_reply_count":0,"_bbp_topic_count_hidden":0,"_bbp_reply_count_hidden":0,"_bbp_forum_subforum_count":0,"site-sidebar-layout":"default","site-content-layout":"","ast-site-content-layout":"","site-content-style":"default","site-sidebar-style":"default","ast-global-header-display":"","ast-banner-title-visibility":"","ast-main-header-display":"","ast-hfb-above-header-display":"","ast-hfb-below-header-display":"","ast-hfb-mobile-header-display":"","site-post-title":"","ast-breadcrumbs-content":"","ast-featured-img":"","footer-sml-layout":"","theme-transparent-header-meta":"","adv-header-id-meta":"","stick-header-meta":"","header-above-stick-meta":"","header-main-stick-meta":"","header-below-stick-meta":"","astra-migrate-meta-layouts":"default","ast-page-background-enabled":"default","ast-page-background-meta":{"desktop":{"background-color":"var(--ast-global-color-4)","background-image":"","background-repeat":"repeat","background-position":"center center","background-size":"auto","background-attachment":"scroll","background-type":"","background-media":"","overlay-type":"","overlay-color":"","overlay-opacity":"","overlay-gradient":""},"tablet":{"background-color":"","background-image":"","background-repeat":"repeat","background-position":"center center","background-size":"auto","background-attachment":"scroll","background-type":"","background-media":"","overlay-type":"","overlay-color":"","overlay-opacity":"","overlay-gradient":""},"mobile":{"background-color":"","background-image":"","background-repeat":"repeat","background-position":"center center","background-size":"auto","background-attachment":"scroll","background-type":"","background-media":"","overlay-type":"","overlay-color":"","overlay-opacity":"","overlay-gradient":""}},"ast-content-background-meta":{"desktop":{"background-color":"var(--ast-global-color-5)","background-image":"","background-repeat":"repeat","background-position":"center center","background-size":"auto","background-attachment":"scroll","background-type":"","background-media":"","overlay-type":"","overlay-color":"","overlay-opacity":"","overlay-gradient":""},"tablet":{"background-color":"var(--ast-global-color-5)","background-image":"","background-repeat":"repeat","background-position":"center center","background-size":"auto","background-attachment":"scroll","background-type":"","background-media":"","overlay-type":"","overlay-color":"","overlay-opacity":"","overlay-gradient":""},"mobile":{"background-color":"var(--ast-global-color-5)","background-image":"","background-repeat":"repeat","background-position":"center center","background-size":"auto","background-attachment":"scroll","background-type":"","background-media":"","overlay-type":"","overlay-color":"","overlay-opacity":"","overlay-gradient":""}},"footnotes":""},"categories":[14],"tags":[26,17,96,78],"class_list":["post-13285","post","type-post","status-publish","format-standard","has-post-thumbnail","hentry","category-5e","tag-5e","tag-plastica","tag-primaria","tag-tallers"],"post_mailing_queue_ids":[],"_links":{"self":[{"href":"https:\/\/agora.xtec.cat\/ceippaucasals\/wp-json\/wp\/v2\/posts\/13285","targetHints":{"allow":["GET"]}}],"collection":[{"href":"https:\/\/agora.xtec.cat\/ceippaucasals\/wp-json\/wp\/v2\/posts"}],"about":[{"href":"https:\/\/agora.xtec.cat\/ceippaucasals\/wp-json\/wp\/v2\/types\/post"}],"author":[{"embeddable":true,"href":"https:\/\/agora.xtec.cat\/ceippaucasals\/wp-json\/wp\/v2\/users\/61"}],"replies":[{"embeddable":true,"href":"https:\/\/agora.xtec.cat\/ceippaucasals\/wp-json\/wp\/v2\/comments?post=13285"}],"version-history":[{"count":1,"href":"https:\/\/agora.xtec.cat\/ceippaucasals\/wp-json\/wp\/v2\/posts\/13285\/revisions"}],"predecessor-version":[{"id":13287,"href":"https:\/\/agora.xtec.cat\/ceippaucasals\/wp-json\/wp\/v2\/posts\/13285\/revisions\/13287"}],"wp:featuredmedia":[{"embeddable":true,"href":"https:\/\/agora.xtec.cat\/ceippaucasals\/wp-json\/wp\/v2\/media\/13286"}],"wp:attachment":[{"href":"https:\/\/agora.xtec.cat\/ceippaucasals\/wp-json\/wp\/v2\/media?parent=13285"}],"wp:term":[{"taxonomy":"category","embeddable":true,"href":"https:\/\/agora.xtec.cat\/ceippaucasals\/wp-json\/wp\/v2\/categories?post=13285"},{"taxonomy":"post_tag","embeddable":true,"href":"https:\/\/agora.xtec.cat\/ceippaucasals\/wp-json\/wp\/v2\/tags?post=13285"}],"curies":[{"name":"wp","href":"https:\/\/api.w.org\/{rel}","templated":true}]}}