{"id":13076,"date":"2022-10-20T15:47:52","date_gmt":"2022-10-20T13:47:52","guid":{"rendered":"https:\/\/agora.xtec.cat\/ceippaucasals\/?p=13076"},"modified":"2023-01-31T15:28:57","modified_gmt":"2023-01-31T14:28:57","slug":"valoracio-tardes-de-lleure-setembre-2022","status":"publish","type":"post","link":"https:\/\/agora.xtec.cat\/ceippaucasals\/general\/valoracio-tardes-de-lleure-setembre-2022\/","title":{"rendered":"Valoraci\u00f3 tardes de lleure setembre 2022"},"content":{"rendered":"<p><img loading=\"lazy\" decoding=\"async\" class=\"\" src=\"https:\/\/web.gencat.cat\/web\/.content\/Imatge\/noticies\/2022\/20220519_lleure.png_225593271.png\" alt=\"horari\" width=\"638\" height=\"355\" \/><\/p>\n<p>Com a novetat del curs 2022-2023, es va avan\u00e7ar la data d&#8217;inici del curs i durant el mes de setembre es va fer jornada compactada de mat\u00ed. Durant les tardes, es van organitzar activitats de lleure educatiu fins a cobrir l&#8217;horari habitual. Aquestes activitats, finan\u00e7ades pel Departament d&#8217;Educaci\u00f3, eren gratu\u00eftes per a tots els infants de l&#8217;escola i es plantejaven promoure el treball d\u2019habilitats cognitives, socials i emocionals.<\/p>\n<p>L&#8217;assist\u00e8ncia a les tardes de lleure educatiu a l&#8217;Escola Pau Casals va ser d&#8217;un 40% de l&#8217;alumnat del centre.<\/p>\n<p>Un cop finalitzades les tardes lleure educatiu, les fam\u00edlies usu\u00e0ries del servei, han fet una valoraci\u00f3 de les activitats i l&#8217;organitzaci\u00f3.<\/p>\n<p>Hem rebut un total de 42 respostes que volem compartir amb vosaltres.<\/p>\n<p>Moltes gr\u00e0cies per col\u00b7laborar.<\/p>\n<p><a href=\"https:\/\/agora.xtec.cat\/ceippaucasals\/wp-content\/uploads\/usu990\/2022\/10\/Valoracio-tardes-lleure-SET22.pdf\">CLICKEU per veure la valoraci\u00f3 tardes lleure SET&#8217;22<\/a><\/p>\n","protected":false},"excerpt":{"rendered":"<p>Com a novetat del curs 2022-2023, es va avan\u00e7ar la data d&#8217;inici del curs i durant el mes de setembre es va fer jornada compactada de mat\u00ed. Durant les tardes, es van organitzar activitats de lleure educatiu fins a cobrir l&#8217;horari habitual. Aquestes activitats, finan\u00e7ades pel Departament d&#8217;Educaci\u00f3, eren gratu\u00eftes per a tots els infants [&hellip;]<\/p>\n","protected":false},"author":1,"featured_media":0,"comment_status":"closed","ping_status":"closed","sticky":false,"template":"","format":"standard","meta":{"_bbp_topic_count":0,"_bbp_reply_count":0,"_bbp_total_topic_count":0,"_bbp_total_reply_count":0,"_bbp_voice_count":0,"_bbp_anonymous_reply_count":0,"_bbp_topic_count_hidden":0,"_bbp_reply_count_hidden":0,"_bbp_forum_subforum_count":0,"site-sidebar-layout":"default","site-content-layout":"","ast-site-content-layout":"","site-content-style":"default","site-sidebar-style":"default","ast-global-header-display":"","ast-banner-title-visibility":"","ast-main-header-display":"","ast-hfb-above-header-display":"","ast-hfb-below-header-display":"","ast-hfb-mobile-header-display":"","site-post-title":"","ast-breadcrumbs-content":"","ast-featured-img":"","footer-sml-layout":"","theme-transparent-header-meta":"","adv-header-id-meta":"","stick-header-meta":"","header-above-stick-meta":"","header-main-stick-meta":"","header-below-stick-meta":"","astra-migrate-meta-layouts":"default","ast-page-background-enabled":"default","ast-page-background-meta":{"desktop":{"background-color":"var(--ast-global-color-4)","background-image":"","background-repeat":"repeat","background-position":"center center","background-size":"auto","background-attachment":"scroll","background-type":"","background-media":"","overlay-type":"","overlay-color":"","overlay-opacity":"","overlay-gradient":""},"tablet":{"background-color":"","background-image":"","background-repeat":"repeat","background-position":"center center","background-size":"auto","background-attachment":"scroll","background-type":"","background-media":"","overlay-type":"","overlay-color":"","overlay-opacity":"","overlay-gradient":""},"mobile":{"background-color":"","background-image":"","background-repeat":"repeat","background-position":"center center","background-size":"auto","background-attachment":"scroll","background-type":"","background-media":"","overlay-type":"","overlay-color":"","overlay-opacity":"","overlay-gradient":""}},"ast-content-background-meta":{"desktop":{"background-color":"var(--ast-global-color-5)","background-image":"","background-repeat":"repeat","background-position":"center center","background-size":"auto","background-attachment":"scroll","background-type":"","background-media":"","overlay-type":"","overlay-color":"","overlay-opacity":"","overlay-gradient":""},"tablet":{"background-color":"var(--ast-global-color-5)","background-image":"","background-repeat":"repeat","background-position":"center center","background-size":"auto","background-attachment":"scroll","background-type":"","background-media":"","overlay-type":"","overlay-color":"","overlay-opacity":"","overlay-gradient":""},"mobile":{"background-color":"var(--ast-global-color-5)","background-image":"","background-repeat":"repeat","background-position":"center center","background-size":"auto","background-attachment":"scroll","background-type":"","background-media":"","overlay-type":"","overlay-color":"","overlay-opacity":"","overlay-gradient":""}},"footnotes":""},"categories":[115,1,2,5],"tags":[485,487,484,486],"class_list":["post-13076","post","type-post","status-publish","format-standard","hentry","category-familia","category-general","category-infantil","category-primaria","tag-lleure","tag-lleureeducatiu","tag-tardes-de-lleure","tag-tardesetembre"],"post_mailing_queue_ids":[],"_links":{"self":[{"href":"https:\/\/agora.xtec.cat\/ceippaucasals\/wp-json\/wp\/v2\/posts\/13076","targetHints":{"allow":["GET"]}}],"collection":[{"href":"https:\/\/agora.xtec.cat\/ceippaucasals\/wp-json\/wp\/v2\/posts"}],"about":[{"href":"https:\/\/agora.xtec.cat\/ceippaucasals\/wp-json\/wp\/v2\/types\/post"}],"author":[{"embeddable":true,"href":"https:\/\/agora.xtec.cat\/ceippaucasals\/wp-json\/wp\/v2\/users\/1"}],"replies":[{"embeddable":true,"href":"https:\/\/agora.xtec.cat\/ceippaucasals\/wp-json\/wp\/v2\/comments?post=13076"}],"version-history":[{"count":1,"href":"https:\/\/agora.xtec.cat\/ceippaucasals\/wp-json\/wp\/v2\/posts\/13076\/revisions"}],"predecessor-version":[{"id":13078,"href":"https:\/\/agora.xtec.cat\/ceippaucasals\/wp-json\/wp\/v2\/posts\/13076\/revisions\/13078"}],"wp:attachment":[{"href":"https:\/\/agora.xtec.cat\/ceippaucasals\/wp-json\/wp\/v2\/media?parent=13076"}],"wp:term":[{"taxonomy":"category","embeddable":true,"href":"https:\/\/agora.xtec.cat\/ceippaucasals\/wp-json\/wp\/v2\/categories?post=13076"},{"taxonomy":"post_tag","embeddable":true,"href":"https:\/\/agora.xtec.cat\/ceippaucasals\/wp-json\/wp\/v2\/tags?post=13076"}],"curies":[{"name":"wp","href":"https:\/\/api.w.org\/{rel}","templated":true}]}}