{"id":13058,"date":"2022-10-07T18:05:47","date_gmt":"2022-10-07T16:05:47","guid":{"rendered":"https:\/\/agora.xtec.cat\/ceippaucasals\/?p=13058"},"modified":"2022-10-07T18:17:34","modified_gmt":"2022-10-07T16:17:34","slug":"historia-del-nostre-castell","status":"publish","type":"post","link":"https:\/\/agora.xtec.cat\/ceippaucasals\/primaria\/5e\/historia-del-nostre-castell\/","title":{"rendered":"HIST\u00d2RIA DEL NOSTRE CASTELL"},"content":{"rendered":"<p>L&#8217;alumnat de 5\u00e8 i 6\u00e8 farem durant aquest primer trimestre un petit viatge en el temps. La nostra biblioteca municipal ens atansar\u00e0 a l&#8217;edat mitjana.<\/p>\n<p>Anar a la biblioteca El Castell \u00e9s un gran plaer. Sense cap mena de dubte, des de la planta superior les vistes del nostre poble, aix\u00ed com del Mass\u00eds de Montserrat, s\u00f3n espectaculars. Potser per aix\u00f2 resulta f\u00e0cil entendre perqu\u00e8 al segle XIV, en aquest tur\u00f3, es va empla\u00e7ar el Castell de Vacarisses.<\/p>\n<p>Ara esdev\u00e9 un espai p\u00fablic de difusi\u00f3 cultural i saber, per\u00f2 la seva hist\u00f2ria ens fa viatjar fins al regnat de Pere III, el Cerimoni\u00f3s, que content amb els serveis prestats pel seu conseller reial, el jurista Jaume Desfar i Sala, li ced\u00ed aquestes terres.<\/p>\n<p>La hist\u00f2ria de la seva construcci\u00f3, dels espais i elements arquitect\u00f2nics que encara conserva s\u00f3n part del llegat que cal\u00a0 con\u00e8ixer i descobrir.<\/p>\n<p>Alumnat de CS.<\/p>\n<p><a href=\"https:\/\/agora.xtec.cat\/ceippaucasals\/wp-content\/uploads\/usu990\/2022\/10\/WhatsApp-Image-2022-10-07-at-18.03.17-1.jpeg\"><img loading=\"lazy\" decoding=\"async\" class=\"alignnone size-large wp-image-13059\" src=\"https:\/\/agora.xtec.cat\/ceippaucasals\/wp-content\/uploads\/usu990\/2022\/10\/WhatsApp-Image-2022-10-07-at-18.03.17-1-1024x576.jpeg\" alt=\"\" width=\"1024\" height=\"576\" srcset=\"https:\/\/agora.xtec.cat\/ceippaucasals\/wp-content\/uploads\/usu990\/2022\/10\/WhatsApp-Image-2022-10-07-at-18.03.17-1-1024x576.jpeg 1024w, https:\/\/agora.xtec.cat\/ceippaucasals\/wp-content\/uploads\/usu990\/2022\/10\/WhatsApp-Image-2022-10-07-at-18.03.17-1-300x169.jpeg 300w, https:\/\/agora.xtec.cat\/ceippaucasals\/wp-content\/uploads\/usu990\/2022\/10\/WhatsApp-Image-2022-10-07-at-18.03.17-1-768x432.jpeg 768w, https:\/\/agora.xtec.cat\/ceippaucasals\/wp-content\/uploads\/usu990\/2022\/10\/WhatsApp-Image-2022-10-07-at-18.03.17-1-1536x864.jpeg 1536w, https:\/\/agora.xtec.cat\/ceippaucasals\/wp-content\/uploads\/usu990\/2022\/10\/WhatsApp-Image-2022-10-07-at-18.03.17-1.jpeg 2000w\" sizes=\"auto, (max-width: 1024px) 100vw, 1024px\" \/><\/a><\/p>\n<p>&nbsp;<\/p>\n<p>&nbsp;<\/p>\n","protected":false},"excerpt":{"rendered":"<p>L&#8217;alumnat de 5\u00e8 i 6\u00e8 farem durant aquest primer trimestre un petit viatge en el temps. La nostra biblioteca municipal ens atansar\u00e0 a l&#8217;edat mitjana. Anar a la biblioteca El Castell \u00e9s un gran plaer. Sense cap mena de dubte, des de la planta superior les vistes del nostre poble, aix\u00ed com del Mass\u00eds de [&hellip;]<\/p>\n","protected":false},"author":22,"featured_media":13061,"comment_status":"open","ping_status":"closed","sticky":false,"template":"","format":"standard","meta":{"_bbp_topic_count":0,"_bbp_reply_count":0,"_bbp_total_topic_count":0,"_bbp_total_reply_count":0,"_bbp_voice_count":0,"_bbp_anonymous_reply_count":0,"_bbp_topic_count_hidden":0,"_bbp_reply_count_hidden":0,"_bbp_forum_subforum_count":0,"site-sidebar-layout":"default","site-content-layout":"","ast-site-content-layout":"","site-content-style":"default","site-sidebar-style":"default","ast-global-header-display":"","ast-banner-title-visibility":"","ast-main-header-display":"","ast-hfb-above-header-display":"","ast-hfb-below-header-display":"","ast-hfb-mobile-header-display":"","site-post-title":"","ast-breadcrumbs-content":"","ast-featured-img":"","footer-sml-layout":"","theme-transparent-header-meta":"","adv-header-id-meta":"","stick-header-meta":"","header-above-stick-meta":"","header-main-stick-meta":"","header-below-stick-meta":"","astra-migrate-meta-layouts":"default","ast-page-background-enabled":"default","ast-page-background-meta":{"desktop":{"background-color":"var(--ast-global-color-4)","background-image":"","background-repeat":"repeat","background-position":"center center","background-size":"auto","background-attachment":"scroll","background-type":"","background-media":"","overlay-type":"","overlay-color":"","overlay-opacity":"","overlay-gradient":""},"tablet":{"background-color":"","background-image":"","background-repeat":"repeat","background-position":"center center","background-size":"auto","background-attachment":"scroll","background-type":"","background-media":"","overlay-type":"","overlay-color":"","overlay-opacity":"","overlay-gradient":""},"mobile":{"background-color":"","background-image":"","background-repeat":"repeat","background-position":"center center","background-size":"auto","background-attachment":"scroll","background-type":"","background-media":"","overlay-type":"","overlay-color":"","overlay-opacity":"","overlay-gradient":""}},"ast-content-background-meta":{"desktop":{"background-color":"var(--ast-global-color-5)","background-image":"","background-repeat":"repeat","background-position":"center center","background-size":"auto","background-attachment":"scroll","background-type":"","background-media":"","overlay-type":"","overlay-color":"","overlay-opacity":"","overlay-gradient":""},"tablet":{"background-color":"var(--ast-global-color-5)","background-image":"","background-repeat":"repeat","background-position":"center center","background-size":"auto","background-attachment":"scroll","background-type":"","background-media":"","overlay-type":"","overlay-color":"","overlay-opacity":"","overlay-gradient":""},"mobile":{"background-color":"var(--ast-global-color-5)","background-image":"","background-repeat":"repeat","background-position":"center center","background-size":"auto","background-attachment":"scroll","background-type":"","background-media":"","overlay-type":"","overlay-color":"","overlay-opacity":"","overlay-gradient":""}},"footnotes":""},"categories":[14],"tags":[26,27,98,16],"class_list":["post-13058","post","type-post","status-publish","format-standard","has-post-thumbnail","hentry","category-5e","tag-5e","tag-6e","tag-biblioteca","tag-sortides"],"post_mailing_queue_ids":[],"_links":{"self":[{"href":"https:\/\/agora.xtec.cat\/ceippaucasals\/wp-json\/wp\/v2\/posts\/13058","targetHints":{"allow":["GET"]}}],"collection":[{"href":"https:\/\/agora.xtec.cat\/ceippaucasals\/wp-json\/wp\/v2\/posts"}],"about":[{"href":"https:\/\/agora.xtec.cat\/ceippaucasals\/wp-json\/wp\/v2\/types\/post"}],"author":[{"embeddable":true,"href":"https:\/\/agora.xtec.cat\/ceippaucasals\/wp-json\/wp\/v2\/users\/22"}],"replies":[{"embeddable":true,"href":"https:\/\/agora.xtec.cat\/ceippaucasals\/wp-json\/wp\/v2\/comments?post=13058"}],"version-history":[{"count":3,"href":"https:\/\/agora.xtec.cat\/ceippaucasals\/wp-json\/wp\/v2\/posts\/13058\/revisions"}],"predecessor-version":[{"id":13065,"href":"https:\/\/agora.xtec.cat\/ceippaucasals\/wp-json\/wp\/v2\/posts\/13058\/revisions\/13065"}],"wp:featuredmedia":[{"embeddable":true,"href":"https:\/\/agora.xtec.cat\/ceippaucasals\/wp-json\/wp\/v2\/media\/13061"}],"wp:attachment":[{"href":"https:\/\/agora.xtec.cat\/ceippaucasals\/wp-json\/wp\/v2\/media?parent=13058"}],"wp:term":[{"taxonomy":"category","embeddable":true,"href":"https:\/\/agora.xtec.cat\/ceippaucasals\/wp-json\/wp\/v2\/categories?post=13058"},{"taxonomy":"post_tag","embeddable":true,"href":"https:\/\/agora.xtec.cat\/ceippaucasals\/wp-json\/wp\/v2\/tags?post=13058"}],"curies":[{"name":"wp","href":"https:\/\/api.w.org\/{rel}","templated":true}]}}