{"id":13022,"date":"2022-07-08T19:31:31","date_gmt":"2022-07-08T17:31:31","guid":{"rendered":"https:\/\/agora.xtec.cat\/ceippaucasals\/?p=13022"},"modified":"2022-10-25T13:34:27","modified_gmt":"2022-10-25T11:34:27","slug":"subvencions-per-a-llibres-de-text-i-material-didactic-22-23","status":"publish","type":"post","link":"https:\/\/agora.xtec.cat\/ceippaucasals\/general\/subvencions-per-a-llibres-de-text-i-material-didactic-22-23\/","title":{"rendered":"Subvencions per a llibres de text i material did\u00e0ctic 22-23"},"content":{"rendered":"<p><img loading=\"lazy\" decoding=\"async\" class=\"\" src=\"https:\/\/www.vacarisses.cat\/media\/site1\/cache\/images\/turning-pages-1153102.jpg\" width=\"252\" height=\"169\" \/><\/p>\n<p>Us enllacem les bases especifiques reguladores de l\u2019atorgament de subvencions de l\u2019Ajuntament de Vacarisses per a l\u2019adquisici\u00f3 de llibres de text, material did\u00e0ctic complementari i inform\u00e0tic pel curs 2022-2023 aprovades provisionalment.<\/p>\n<p><strong>Les bestretes es podran sol\u00b7licitar fins el dia 16 de juliol.<\/strong><\/p>\n<p><strong>El termini de presentaci\u00f3 de les sol\u00b7licituds que no siguin\u00a0bestreta\u00a0ser\u00e0 del 19 de setembre fins al 19 d\u2019octubre de 2022.<\/strong><\/p>\n<p><strong>\u00a0<\/strong>A les bases trobareu les indicacions per presentar la vostra sol\u00b7licitud a l\u2019<a href=\"https:\/\/www.vacarisses.cat\/pl56\/comunicacio\/informacio-d-interes\/id722\/subvencions-per-a-llibres-de-text-i-material-didactic.htm\">Ajuntament de Vacarisses<\/a>.<\/p>\n<p>&nbsp;<\/p>\n<p><a href=\"https:\/\/agora.xtec.cat\/ceippaucasals\/wp-content\/uploads\/usu990\/2022\/07\/bases-ajuts-llibres-aprovades-provisionalment.pdf\">Bases ajuts llibres aprovades provisionalment<\/a><\/p>\n<p><a href=\"https:\/\/agora.xtec.cat\/ceippaucasals\/wp-content\/uploads\/usu990\/2022\/07\/formulari-sollicitud-aprovat-provisionalment.pdf\">Formulari sol\u00b7licitud aprovat provisionalment<\/a><\/p>\n<p>&nbsp;<\/p>\n<p>Per a m\u00e9s informaci\u00f3, adreceu-vos a l&#8217;Ajuntament de Vacarisses.<\/p>\n","protected":false},"excerpt":{"rendered":"<p>Us enllacem les bases especifiques reguladores de l\u2019atorgament de subvencions de l\u2019Ajuntament de Vacarisses per a l\u2019adquisici\u00f3 de llibres de text, material did\u00e0ctic complementari i inform\u00e0tic pel curs 2022-2023 aprovades provisionalment. Les bestretes es podran sol\u00b7licitar fins el dia 16 de juliol. El termini de presentaci\u00f3 de les sol\u00b7licituds que no siguin\u00a0bestreta\u00a0ser\u00e0 del 19 de [&hellip;]<\/p>\n","protected":false},"author":1,"featured_media":0,"comment_status":"closed","ping_status":"closed","sticky":false,"template":"","format":"standard","meta":{"_bbp_topic_count":0,"_bbp_reply_count":0,"_bbp_total_topic_count":0,"_bbp_total_reply_count":0,"_bbp_voice_count":0,"_bbp_anonymous_reply_count":0,"_bbp_topic_count_hidden":0,"_bbp_reply_count_hidden":0,"_bbp_forum_subforum_count":0,"site-sidebar-layout":"default","site-content-layout":"","ast-site-content-layout":"","site-content-style":"default","site-sidebar-style":"default","ast-global-header-display":"","ast-banner-title-visibility":"","ast-main-header-display":"","ast-hfb-above-header-display":"","ast-hfb-below-header-display":"","ast-hfb-mobile-header-display":"","site-post-title":"","ast-breadcrumbs-content":"","ast-featured-img":"","footer-sml-layout":"","theme-transparent-header-meta":"","adv-header-id-meta":"","stick-header-meta":"","header-above-stick-meta":"","header-main-stick-meta":"","header-below-stick-meta":"","astra-migrate-meta-layouts":"default","ast-page-background-enabled":"default","ast-page-background-meta":{"desktop":{"background-color":"var(--ast-global-color-4)","background-image":"","background-repeat":"repeat","background-position":"center center","background-size":"auto","background-attachment":"scroll","background-type":"","background-media":"","overlay-type":"","overlay-color":"","overlay-opacity":"","overlay-gradient":""},"tablet":{"background-color":"","background-image":"","background-repeat":"repeat","background-position":"center center","background-size":"auto","background-attachment":"scroll","background-type":"","background-media":"","overlay-type":"","overlay-color":"","overlay-opacity":"","overlay-gradient":""},"mobile":{"background-color":"","background-image":"","background-repeat":"repeat","background-position":"center center","background-size":"auto","background-attachment":"scroll","background-type":"","background-media":"","overlay-type":"","overlay-color":"","overlay-opacity":"","overlay-gradient":""}},"ast-content-background-meta":{"desktop":{"background-color":"var(--ast-global-color-5)","background-image":"","background-repeat":"repeat","background-position":"center center","background-size":"auto","background-attachment":"scroll","background-type":"","background-media":"","overlay-type":"","overlay-color":"","overlay-opacity":"","overlay-gradient":""},"tablet":{"background-color":"var(--ast-global-color-5)","background-image":"","background-repeat":"repeat","background-position":"center center","background-size":"auto","background-attachment":"scroll","background-type":"","background-media":"","overlay-type":"","overlay-color":"","overlay-opacity":"","overlay-gradient":""},"mobile":{"background-color":"var(--ast-global-color-5)","background-image":"","background-repeat":"repeat","background-position":"center center","background-size":"auto","background-attachment":"scroll","background-type":"","background-media":"","overlay-type":"","overlay-color":"","overlay-opacity":"","overlay-gradient":""}},"footnotes":""},"categories":[10,11,12,13,14,15,115,1,2,3,8,9,5],"tags":[483,448],"class_list":["post-13022","post","type-post","status-publish","format-standard","hentry","category-1r","category-2n","category-3r","category-4t","category-5e","category-6e","category-familia","category-general","category-infantil","category-p3","category-p4","category-p5","category-primaria","tag-ajuntamentt","tag-ajuts-material"],"post_mailing_queue_ids":[],"_links":{"self":[{"href":"https:\/\/agora.xtec.cat\/ceippaucasals\/wp-json\/wp\/v2\/posts\/13022","targetHints":{"allow":["GET"]}}],"collection":[{"href":"https:\/\/agora.xtec.cat\/ceippaucasals\/wp-json\/wp\/v2\/posts"}],"about":[{"href":"https:\/\/agora.xtec.cat\/ceippaucasals\/wp-json\/wp\/v2\/types\/post"}],"author":[{"embeddable":true,"href":"https:\/\/agora.xtec.cat\/ceippaucasals\/wp-json\/wp\/v2\/users\/1"}],"replies":[{"embeddable":true,"href":"https:\/\/agora.xtec.cat\/ceippaucasals\/wp-json\/wp\/v2\/comments?post=13022"}],"version-history":[{"count":1,"href":"https:\/\/agora.xtec.cat\/ceippaucasals\/wp-json\/wp\/v2\/posts\/13022\/revisions"}],"predecessor-version":[{"id":13025,"href":"https:\/\/agora.xtec.cat\/ceippaucasals\/wp-json\/wp\/v2\/posts\/13022\/revisions\/13025"}],"wp:attachment":[{"href":"https:\/\/agora.xtec.cat\/ceippaucasals\/wp-json\/wp\/v2\/media?parent=13022"}],"wp:term":[{"taxonomy":"category","embeddable":true,"href":"https:\/\/agora.xtec.cat\/ceippaucasals\/wp-json\/wp\/v2\/categories?post=13022"},{"taxonomy":"post_tag","embeddable":true,"href":"https:\/\/agora.xtec.cat\/ceippaucasals\/wp-json\/wp\/v2\/tags?post=13022"}],"curies":[{"name":"wp","href":"https:\/\/api.w.org\/{rel}","templated":true}]}}