{"id":12704,"date":"2022-02-07T11:01:45","date_gmt":"2022-02-07T10:01:45","guid":{"rendered":"https:\/\/agora.xtec.cat\/ceippaucasals\/?p=12704"},"modified":"2022-07-08T18:40:45","modified_gmt":"2022-07-08T16:40:45","slug":"jornada-de-portes-obertes-22-febrer-2022","status":"publish","type":"post","link":"https:\/\/agora.xtec.cat\/ceippaucasals\/general\/jornada-de-portes-obertes-22-febrer-2022\/","title":{"rendered":"Jornada de portes obertes 22 febrer 2022"},"content":{"rendered":"<p><a href=\"https:\/\/agora.xtec.cat\/ceippaucasals\/wp-content\/uploads\/usu990\/2022\/02\/cartell-preins-obligatoria.png\"><img loading=\"lazy\" decoding=\"async\" class=\"wp-image-12705 aligncenter\" src=\"https:\/\/agora.xtec.cat\/ceippaucasals\/wp-content\/uploads\/usu990\/2022\/02\/cartell-preins-obligatoria.png\" alt=\"\" width=\"364\" height=\"509\" srcset=\"https:\/\/agora.xtec.cat\/ceippaucasals\/wp-content\/uploads\/usu990\/2022\/02\/cartell-preins-obligatoria.png 523w, https:\/\/agora.xtec.cat\/ceippaucasals\/wp-content\/uploads\/usu990\/2022\/02\/cartell-preins-obligatoria-214x300.png 214w\" sizes=\"auto, (max-width: 364px) 100vw, 364px\" \/><\/a><\/p>\n<p>Per la seva import\u00e0ncia a l\u2019hora d\u2019escollir un centre educatiu, malgrat la situaci\u00f3 epidemiol\u00f2gica actual, els departaments d\u2019Educaci\u00f3 i Salut han decidit\u00a0mantenir les jornades de portes obertes amb les mesures de protecci\u00f3 i prevenci\u00f3 necess\u00e0ries. L\u2019objectiu d\u2019aquestes jornades \u00e9s informar les fam\u00edlies perqu\u00e8 puguin escollir el centre que considerin m\u00e9s adequat per als seus fills i filles.<\/p>\n<p>Les visites de les fam\u00edlies noves a l&#8217;escola Pau Casals es faran en grups, el dia <strong>22 de febrer de 2022<\/strong> en dos torns. El primer a les <strong>17:15h<\/strong> i el segon a les <strong>18:00h<\/strong>. Caldr\u00e0 inscripci\u00f3 pr\u00e8via trucant al:<\/p>\n<h2 style=\"text-align: center;\"><strong>93 828 01 06<\/strong><\/h2>\n<p>La presentaci\u00f3 de sol\u00b7licituds de <strong>preinscripci\u00f3<\/strong> d&#8217;educaci\u00f3 infantil (3-6 anys) i educaci\u00f3 prim\u00e0ria es far\u00e0 de manera telem\u00e0tica <strong>del 7 al 21 de mar\u00e7<\/strong><\/p>\n<p>Trobareu m\u00e9s informaci\u00f3 al <a href=\"https:\/\/preinscripcio.gencat.cat\/ca\/inici\">web de la preinscripci\u00f3 del Departament d&#8217;Educaci\u00f3.<\/a><\/p>\n","protected":false},"excerpt":{"rendered":"<p>Per la seva import\u00e0ncia a l\u2019hora d\u2019escollir un centre educatiu, malgrat la situaci\u00f3 epidemiol\u00f2gica actual, els departaments d\u2019Educaci\u00f3 i Salut han decidit\u00a0mantenir les jornades de portes obertes amb les mesures de protecci\u00f3 i prevenci\u00f3 necess\u00e0ries. L\u2019objectiu d\u2019aquestes jornades \u00e9s informar les fam\u00edlies perqu\u00e8 puguin escollir el centre que considerin m\u00e9s adequat per als seus fills [&hellip;]<\/p>\n","protected":false},"author":1,"featured_media":0,"comment_status":"closed","ping_status":"closed","sticky":false,"template":"","format":"standard","meta":{"_bbp_topic_count":0,"_bbp_reply_count":0,"_bbp_total_topic_count":0,"_bbp_total_reply_count":0,"_bbp_voice_count":0,"_bbp_anonymous_reply_count":0,"_bbp_topic_count_hidden":0,"_bbp_reply_count_hidden":0,"_bbp_forum_subforum_count":0,"site-sidebar-layout":"default","site-content-layout":"","ast-site-content-layout":"","site-content-style":"default","site-sidebar-style":"default","ast-global-header-display":"","ast-banner-title-visibility":"","ast-main-header-display":"","ast-hfb-above-header-display":"","ast-hfb-below-header-display":"","ast-hfb-mobile-header-display":"","site-post-title":"","ast-breadcrumbs-content":"","ast-featured-img":"","footer-sml-layout":"","theme-transparent-header-meta":"","adv-header-id-meta":"","stick-header-meta":"","header-above-stick-meta":"","header-main-stick-meta":"","header-below-stick-meta":"","astra-migrate-meta-layouts":"default","ast-page-background-enabled":"default","ast-page-background-meta":{"desktop":{"background-color":"var(--ast-global-color-4)","background-image":"","background-repeat":"repeat","background-position":"center center","background-size":"auto","background-attachment":"scroll","background-type":"","background-media":"","overlay-type":"","overlay-color":"","overlay-opacity":"","overlay-gradient":""},"tablet":{"background-color":"","background-image":"","background-repeat":"repeat","background-position":"center center","background-size":"auto","background-attachment":"scroll","background-type":"","background-media":"","overlay-type":"","overlay-color":"","overlay-opacity":"","overlay-gradient":""},"mobile":{"background-color":"","background-image":"","background-repeat":"repeat","background-position":"center center","background-size":"auto","background-attachment":"scroll","background-type":"","background-media":"","overlay-type":"","overlay-color":"","overlay-opacity":"","overlay-gradient":""}},"ast-content-background-meta":{"desktop":{"background-color":"var(--ast-global-color-5)","background-image":"","background-repeat":"repeat","background-position":"center center","background-size":"auto","background-attachment":"scroll","background-type":"","background-media":"","overlay-type":"","overlay-color":"","overlay-opacity":"","overlay-gradient":""},"tablet":{"background-color":"var(--ast-global-color-5)","background-image":"","background-repeat":"repeat","background-position":"center center","background-size":"auto","background-attachment":"scroll","background-type":"","background-media":"","overlay-type":"","overlay-color":"","overlay-opacity":"","overlay-gradient":""},"mobile":{"background-color":"var(--ast-global-color-5)","background-image":"","background-repeat":"repeat","background-position":"center center","background-size":"auto","background-attachment":"scroll","background-type":"","background-media":"","overlay-type":"","overlay-color":"","overlay-opacity":"","overlay-gradient":""}},"footnotes":""},"categories":[115,1],"tags":[470],"class_list":["post-12704","post","type-post","status-publish","format-standard","hentry","category-familia","category-general","tag-portes-obertes"],"post_mailing_queue_ids":[],"_links":{"self":[{"href":"https:\/\/agora.xtec.cat\/ceippaucasals\/wp-json\/wp\/v2\/posts\/12704","targetHints":{"allow":["GET"]}}],"collection":[{"href":"https:\/\/agora.xtec.cat\/ceippaucasals\/wp-json\/wp\/v2\/posts"}],"about":[{"href":"https:\/\/agora.xtec.cat\/ceippaucasals\/wp-json\/wp\/v2\/types\/post"}],"author":[{"embeddable":true,"href":"https:\/\/agora.xtec.cat\/ceippaucasals\/wp-json\/wp\/v2\/users\/1"}],"replies":[{"embeddable":true,"href":"https:\/\/agora.xtec.cat\/ceippaucasals\/wp-json\/wp\/v2\/comments?post=12704"}],"version-history":[{"count":3,"href":"https:\/\/agora.xtec.cat\/ceippaucasals\/wp-json\/wp\/v2\/posts\/12704\/revisions"}],"predecessor-version":[{"id":12744,"href":"https:\/\/agora.xtec.cat\/ceippaucasals\/wp-json\/wp\/v2\/posts\/12704\/revisions\/12744"}],"wp:attachment":[{"href":"https:\/\/agora.xtec.cat\/ceippaucasals\/wp-json\/wp\/v2\/media?parent=12704"}],"wp:term":[{"taxonomy":"category","embeddable":true,"href":"https:\/\/agora.xtec.cat\/ceippaucasals\/wp-json\/wp\/v2\/categories?post=12704"},{"taxonomy":"post_tag","embeddable":true,"href":"https:\/\/agora.xtec.cat\/ceippaucasals\/wp-json\/wp\/v2\/tags?post=12704"}],"curies":[{"name":"wp","href":"https:\/\/api.w.org\/{rel}","templated":true}]}}