{"id":12623,"date":"2021-11-04T10:56:03","date_gmt":"2021-11-04T09:56:03","guid":{"rendered":"https:\/\/agora.xtec.cat\/ceippaucasals\/?p=12623"},"modified":"2022-07-08T18:40:03","modified_gmt":"2022-07-08T16:40:03","slug":"projecte-sexafin","status":"publish","type":"post","link":"https:\/\/agora.xtec.cat\/ceippaucasals\/general\/projecte-sexafin\/","title":{"rendered":"Projecte SexAfin"},"content":{"rendered":"<p><a href=\"https:\/\/agora.xtec.cat\/ceippaucasals\/wp-content\/uploads\/usu990\/2021\/11\/SexAfin.png\"><img loading=\"lazy\" decoding=\"async\" class=\"alignnone size-full wp-image-12624\" src=\"https:\/\/agora.xtec.cat\/ceippaucasals\/wp-content\/uploads\/usu990\/2021\/11\/SexAfin.png\" alt=\"\" width=\"229\" height=\"220\" \/><\/a>\u00a0Enguany, l&#8217;escola Pau Casals participa al projecte d&#8217;Investigaci\u00f3 SexAfin que promou l&#8217;Ajuntament de Vacarisses i gestiona el grup de Recerca AFIN de la Universitat Aut\u00f2noma de Barcelona.<\/p>\n<p>Durant dos cursos, prorrogables, es treballar\u00e0 la salut afectiva-sexual de l\u2019alumnat de 2n, 4t i 6\u00e8 amb tallers i formaci\u00f3 tamb\u00e9 per a fam\u00edlies i docents.<\/p>\n<p class=\"CDt4Ke zfr3Q\" dir=\"ltr\"><em>SexAFIN, educaci\u00f3 afectivosexual i reproductiva a les comunitats educatives<\/em>\u00a0\u00e9s un projecte que t\u00e9 com a objectiu contribuir al desenvolupament d\u2019una educaci\u00f3 sexual i afectiva integral que contempla el dret a la salut, la prevenci\u00f3 de viol\u00e8ncies, la diversitat sexual, l\u2019equitat de g\u00e8nere, el plaer i el benestar amb la participaci\u00f3 de la comunitat educativa dels centres d\u2019infantil i prim\u00e0ria i les entitats municipals.<\/p>\n<p class=\"CDt4Ke zfr3Q\" dir=\"ltr\">A trav\u00e9s de metodologies participatives es generen espais de di\u00e0leg on els infants, les persones professionals de l\u2019educaci\u00f3, les fam\u00edlies i la comunitat poden parlar de les diverses dimensions de la sexualitat, acompanyats de les antrop\u00f2logues del Centre AFIN i el personal voluntari de l\u2019associaci\u00f3 AIDIS.<\/p>\n<p>Trobareu m\u00e9s informaci\u00f3 en <a href=\"https:\/\/sites.google.com\/view\/sexafin\/inici?authuser=0\">aquest enlla\u00e7.<\/a><\/p>\n","protected":false},"excerpt":{"rendered":"<p>\u00a0Enguany, l&#8217;escola Pau Casals participa al projecte d&#8217;Investigaci\u00f3 SexAfin que promou l&#8217;Ajuntament de Vacarisses i gestiona el grup de Recerca AFIN de la Universitat Aut\u00f2noma de Barcelona. Durant dos cursos, prorrogables, es treballar\u00e0 la salut afectiva-sexual de l\u2019alumnat de 2n, 4t i 6\u00e8 amb tallers i formaci\u00f3 tamb\u00e9 per a fam\u00edlies i docents. SexAFIN, educaci\u00f3 [&hellip;]<\/p>\n","protected":false},"author":1,"featured_media":12624,"comment_status":"closed","ping_status":"closed","sticky":false,"template":"","format":"standard","meta":{"_bbp_topic_count":0,"_bbp_reply_count":0,"_bbp_total_topic_count":0,"_bbp_total_reply_count":0,"_bbp_voice_count":0,"_bbp_anonymous_reply_count":0,"_bbp_topic_count_hidden":0,"_bbp_reply_count_hidden":0,"_bbp_forum_subforum_count":0,"site-sidebar-layout":"default","site-content-layout":"","ast-site-content-layout":"","site-content-style":"default","site-sidebar-style":"default","ast-global-header-display":"","ast-banner-title-visibility":"","ast-main-header-display":"","ast-hfb-above-header-display":"","ast-hfb-below-header-display":"","ast-hfb-mobile-header-display":"","site-post-title":"","ast-breadcrumbs-content":"","ast-featured-img":"","footer-sml-layout":"","theme-transparent-header-meta":"","adv-header-id-meta":"","stick-header-meta":"","header-above-stick-meta":"","header-main-stick-meta":"","header-below-stick-meta":"","astra-migrate-meta-layouts":"default","ast-page-background-enabled":"default","ast-page-background-meta":{"desktop":{"background-color":"var(--ast-global-color-4)","background-image":"","background-repeat":"repeat","background-position":"center center","background-size":"auto","background-attachment":"scroll","background-type":"","background-media":"","overlay-type":"","overlay-color":"","overlay-opacity":"","overlay-gradient":""},"tablet":{"background-color":"","background-image":"","background-repeat":"repeat","background-position":"center center","background-size":"auto","background-attachment":"scroll","background-type":"","background-media":"","overlay-type":"","overlay-color":"","overlay-opacity":"","overlay-gradient":""},"mobile":{"background-color":"","background-image":"","background-repeat":"repeat","background-position":"center center","background-size":"auto","background-attachment":"scroll","background-type":"","background-media":"","overlay-type":"","overlay-color":"","overlay-opacity":"","overlay-gradient":""}},"ast-content-background-meta":{"desktop":{"background-color":"var(--ast-global-color-5)","background-image":"","background-repeat":"repeat","background-position":"center center","background-size":"auto","background-attachment":"scroll","background-type":"","background-media":"","overlay-type":"","overlay-color":"","overlay-opacity":"","overlay-gradient":""},"tablet":{"background-color":"var(--ast-global-color-5)","background-image":"","background-repeat":"repeat","background-position":"center center","background-size":"auto","background-attachment":"scroll","background-type":"","background-media":"","overlay-type":"","overlay-color":"","overlay-opacity":"","overlay-gradient":""},"mobile":{"background-color":"var(--ast-global-color-5)","background-image":"","background-repeat":"repeat","background-position":"center center","background-size":"auto","background-attachment":"scroll","background-type":"","background-media":"","overlay-type":"","overlay-color":"","overlay-opacity":"","overlay-gradient":""}},"footnotes":""},"categories":[11,13,15,1,5],"tags":[456,455],"class_list":["post-12623","post","type-post","status-publish","format-standard","has-post-thumbnail","hentry","category-2n","category-4t","category-6e","category-general","category-primaria","tag-educacio-afectiva","tag-sexafin"],"post_mailing_queue_ids":[],"_links":{"self":[{"href":"https:\/\/agora.xtec.cat\/ceippaucasals\/wp-json\/wp\/v2\/posts\/12623","targetHints":{"allow":["GET"]}}],"collection":[{"href":"https:\/\/agora.xtec.cat\/ceippaucasals\/wp-json\/wp\/v2\/posts"}],"about":[{"href":"https:\/\/agora.xtec.cat\/ceippaucasals\/wp-json\/wp\/v2\/types\/post"}],"author":[{"embeddable":true,"href":"https:\/\/agora.xtec.cat\/ceippaucasals\/wp-json\/wp\/v2\/users\/1"}],"replies":[{"embeddable":true,"href":"https:\/\/agora.xtec.cat\/ceippaucasals\/wp-json\/wp\/v2\/comments?post=12623"}],"version-history":[{"count":1,"href":"https:\/\/agora.xtec.cat\/ceippaucasals\/wp-json\/wp\/v2\/posts\/12623\/revisions"}],"predecessor-version":[{"id":12625,"href":"https:\/\/agora.xtec.cat\/ceippaucasals\/wp-json\/wp\/v2\/posts\/12623\/revisions\/12625"}],"wp:featuredmedia":[{"embeddable":true,"href":"https:\/\/agora.xtec.cat\/ceippaucasals\/wp-json\/wp\/v2\/media\/12624"}],"wp:attachment":[{"href":"https:\/\/agora.xtec.cat\/ceippaucasals\/wp-json\/wp\/v2\/media?parent=12623"}],"wp:term":[{"taxonomy":"category","embeddable":true,"href":"https:\/\/agora.xtec.cat\/ceippaucasals\/wp-json\/wp\/v2\/categories?post=12623"},{"taxonomy":"post_tag","embeddable":true,"href":"https:\/\/agora.xtec.cat\/ceippaucasals\/wp-json\/wp\/v2\/tags?post=12623"}],"curies":[{"name":"wp","href":"https:\/\/api.w.org\/{rel}","templated":true}]}}