{"id":12391,"date":"2021-05-25T16:16:50","date_gmt":"2021-05-25T14:16:50","guid":{"rendered":"http:\/\/agora.xtec.cat\/ceippaucasals\/?p=12391"},"modified":"2021-05-25T16:16:58","modified_gmt":"2021-05-25T14:16:58","slug":"visita-de-lescriptor-ricardo-alcantara","status":"publish","type":"post","link":"https:\/\/agora.xtec.cat\/ceippaucasals\/primaria\/1r\/visita-de-lescriptor-ricardo-alcantara\/","title":{"rendered":"Visita de l&#8217;escriptor Ricardo Alc\u00e1ntara"},"content":{"rendered":"<p><a href=\"https:\/\/agora.xtec.cat\/ceippaucasals\/wp-content\/uploads\/usu990\/2021\/05\/IMG_20210521_093423.redimensionada.jpg\"><img loading=\"lazy\" decoding=\"async\" class=\" wp-image-12392\" src=\"https:\/\/agora.xtec.cat\/ceippaucasals\/wp-content\/uploads\/usu990\/2021\/05\/IMG_20210521_093423.redimensionada.jpg\" alt=\"\" width=\"534\" height=\"400\" srcset=\"https:\/\/agora.xtec.cat\/ceippaucasals\/wp-content\/uploads\/usu990\/2021\/05\/IMG_20210521_093423.redimensionada.jpg 2080w, https:\/\/agora.xtec.cat\/ceippaucasals\/wp-content\/uploads\/usu990\/2021\/05\/IMG_20210521_093423.redimensionada-300x225.jpg 300w, https:\/\/agora.xtec.cat\/ceippaucasals\/wp-content\/uploads\/usu990\/2021\/05\/IMG_20210521_093423.redimensionada-768x576.jpg 768w, https:\/\/agora.xtec.cat\/ceippaucasals\/wp-content\/uploads\/usu990\/2021\/05\/IMG_20210521_093423.redimensionada-1024x768.jpg 1024w, https:\/\/agora.xtec.cat\/ceippaucasals\/wp-content\/uploads\/usu990\/2021\/05\/IMG_20210521_093423.redimensionada-200x150.jpg 200w\" sizes=\"auto, (max-width: 534px) 100vw, 534px\" \/><\/a><\/p>\n<p>El divendres passat totes i tots els nens i nenes de cicle inicial vam arribar a l\u2019escola emocionats i il\u00b7lusionats perqu\u00e8 sab\u00edem que el gran dia havia arribat. En Ricardo Alc\u00e1ntara venia a fer-nos una visita. Per nosaltres no era un escriptor m\u00e9s, era l\u2019autor d\u2019un dels llibres que hav\u00edem llegit i gaudit tant a l\u2019aula.<\/p>\n<p>Va ser una visita molt enriquidora, on vam descobrir que escriure contes no \u00e9s tan f\u00e0cil, ja que darrere de cada conte hi ha molta feina i temps invertit. Abans de marxar, vam aprofitar per preguntar tot all\u00f2 que vol\u00edem saber sobre els seus llibres.<br \/>\nGr\u00e0cies per tot Ricardo Alc\u00e1ntara!<\/p>\n","protected":false},"excerpt":{"rendered":"<p>El divendres passat totes i tots els nens i nenes de cicle inicial vam arribar a l\u2019escola emocionats i il\u00b7lusionats perqu\u00e8 sab\u00edem que el gran dia havia arribat. En Ricardo Alc\u00e1ntara venia a fer-nos una visita. Per nosaltres no era un escriptor m\u00e9s, era l\u2019autor d\u2019un dels llibres que hav\u00edem llegit i gaudit tant a [&hellip;]<\/p>\n","protected":false},"author":1,"featured_media":0,"comment_status":"closed","ping_status":"closed","sticky":false,"template":"","format":"standard","meta":{"_bbp_topic_count":0,"_bbp_reply_count":0,"_bbp_total_topic_count":0,"_bbp_total_reply_count":0,"_bbp_voice_count":0,"_bbp_anonymous_reply_count":0,"_bbp_topic_count_hidden":0,"_bbp_reply_count_hidden":0,"_bbp_forum_subforum_count":0,"site-sidebar-layout":"default","site-content-layout":"","ast-site-content-layout":"","site-content-style":"default","site-sidebar-style":"default","ast-global-header-display":"","ast-banner-title-visibility":"","ast-main-header-display":"","ast-hfb-above-header-display":"","ast-hfb-below-header-display":"","ast-hfb-mobile-header-display":"","site-post-title":"","ast-breadcrumbs-content":"","ast-featured-img":"","footer-sml-layout":"","theme-transparent-header-meta":"","adv-header-id-meta":"","stick-header-meta":"","header-above-stick-meta":"","header-main-stick-meta":"","header-below-stick-meta":"","astra-migrate-meta-layouts":"default","ast-page-background-enabled":"default","ast-page-background-meta":{"desktop":{"background-color":"var(--ast-global-color-4)","background-image":"","background-repeat":"repeat","background-position":"center center","background-size":"auto","background-attachment":"scroll","background-type":"","background-media":"","overlay-type":"","overlay-color":"","overlay-opacity":"","overlay-gradient":""},"tablet":{"background-color":"","background-image":"","background-repeat":"repeat","background-position":"center center","background-size":"auto","background-attachment":"scroll","background-type":"","background-media":"","overlay-type":"","overlay-color":"","overlay-opacity":"","overlay-gradient":""},"mobile":{"background-color":"","background-image":"","background-repeat":"repeat","background-position":"center center","background-size":"auto","background-attachment":"scroll","background-type":"","background-media":"","overlay-type":"","overlay-color":"","overlay-opacity":"","overlay-gradient":""}},"ast-content-background-meta":{"desktop":{"background-color":"var(--ast-global-color-5)","background-image":"","background-repeat":"repeat","background-position":"center center","background-size":"auto","background-attachment":"scroll","background-type":"","background-media":"","overlay-type":"","overlay-color":"","overlay-opacity":"","overlay-gradient":""},"tablet":{"background-color":"var(--ast-global-color-5)","background-image":"","background-repeat":"repeat","background-position":"center center","background-size":"auto","background-attachment":"scroll","background-type":"","background-media":"","overlay-type":"","overlay-color":"","overlay-opacity":"","overlay-gradient":""},"mobile":{"background-color":"var(--ast-global-color-5)","background-image":"","background-repeat":"repeat","background-position":"center center","background-size":"auto","background-attachment":"scroll","background-type":"","background-media":"","overlay-type":"","overlay-color":"","overlay-opacity":"","overlay-gradient":""}},"footnotes":""},"categories":[10,11,21],"tags":[149,221],"class_list":["post-12391","post","type-post","status-publish","format-standard","hentry","category-1r","category-2n","category-biblio","tag-lectura","tag-visita-autor"],"post_mailing_queue_ids":[],"_links":{"self":[{"href":"https:\/\/agora.xtec.cat\/ceippaucasals\/wp-json\/wp\/v2\/posts\/12391","targetHints":{"allow":["GET"]}}],"collection":[{"href":"https:\/\/agora.xtec.cat\/ceippaucasals\/wp-json\/wp\/v2\/posts"}],"about":[{"href":"https:\/\/agora.xtec.cat\/ceippaucasals\/wp-json\/wp\/v2\/types\/post"}],"author":[{"embeddable":true,"href":"https:\/\/agora.xtec.cat\/ceippaucasals\/wp-json\/wp\/v2\/users\/1"}],"replies":[{"embeddable":true,"href":"https:\/\/agora.xtec.cat\/ceippaucasals\/wp-json\/wp\/v2\/comments?post=12391"}],"version-history":[{"count":1,"href":"https:\/\/agora.xtec.cat\/ceippaucasals\/wp-json\/wp\/v2\/posts\/12391\/revisions"}],"predecessor-version":[{"id":12393,"href":"https:\/\/agora.xtec.cat\/ceippaucasals\/wp-json\/wp\/v2\/posts\/12391\/revisions\/12393"}],"wp:attachment":[{"href":"https:\/\/agora.xtec.cat\/ceippaucasals\/wp-json\/wp\/v2\/media?parent=12391"}],"wp:term":[{"taxonomy":"category","embeddable":true,"href":"https:\/\/agora.xtec.cat\/ceippaucasals\/wp-json\/wp\/v2\/categories?post=12391"},{"taxonomy":"post_tag","embeddable":true,"href":"https:\/\/agora.xtec.cat\/ceippaucasals\/wp-json\/wp\/v2\/tags?post=12391"}],"curies":[{"name":"wp","href":"https:\/\/api.w.org\/{rel}","templated":true}]}}