{"id":12367,"date":"2021-05-12T14:52:46","date_gmt":"2021-05-12T12:52:46","guid":{"rendered":"http:\/\/agora.xtec.cat\/ceippaucasals\/?p=12367"},"modified":"2021-09-07T10:15:57","modified_gmt":"2021-09-07T08:15:57","slug":"beques-menjador-curs-21-22","status":"publish","type":"post","link":"https:\/\/agora.xtec.cat\/ceippaucasals\/familia\/beques-menjador-curs-21-22\/","title":{"rendered":"Beques menjador curs 21-22"},"content":{"rendered":"<p><img decoding=\"async\" src=\"https:\/\/www.vacarisses.cat\/plantilles\/vacarisses\/img\/escut-peu.png\" alt=\"Escut Ajuntament de Vacarisses\" \/><img loading=\"lazy\" decoding=\"async\" class=\"\" src=\"https:\/\/www.vacarisses.cat\/media\/site1\/cache\/images\/basal-abril-16-redim-w480-redim-w480.jpg\" alt=\"basal-abril-16-redim-w480.jpg\" width=\"207\" height=\"119\" \/><\/p>\n<p>Us enllacem la documentaci\u00f3 de l&#8217;ajuntament de Vacarisses sobre la convocat\u00f2ria dels ajuts de menjador escolar 2021-2022.<\/p>\n<p>Trobareu m\u00e9s informaci\u00f3 a l&#8217;enlla\u00e7: <a href=\"https:\/\/www.vacarisses.cat\/pl56\/comunicacio\/informacio-d-interes\/id637\/solicituds-per-ajuts.htm\">https:\/\/www.vacarisses.cat\/pl56\/comunicacio\/informacio-d-interes\/id637\/solicituds-per-ajuts.htm<\/a><\/p>\n<p>Si teniu dubtes sobre el procediment, adreceu-vos a l&#8217;ajuntament.<\/p>\n<p><a href=\"https:\/\/agora.xtec.cat\/ceippaucasals\/wp-content\/uploads\/usu990\/2021\/05\/CARTELL-BEQUES-2021-2022.pdf\">CARTELL BEQUES 2021-2022<\/a><\/p>\n<p><a href=\"https:\/\/agora.xtec.cat\/ceippaucasals\/wp-content\/uploads\/usu990\/2021\/05\/Sol\u00b7licitud-AIM-curs-2021-2022.pdf\">Sol\u00b7licitud AIM curs 2021-2022<\/a><\/p>\n","protected":false},"excerpt":{"rendered":"<p>Us enllacem la documentaci\u00f3 de l&#8217;ajuntament de Vacarisses sobre la convocat\u00f2ria dels ajuts de menjador escolar 2021-2022. Trobareu m\u00e9s informaci\u00f3 a l&#8217;enlla\u00e7: https:\/\/www.vacarisses.cat\/pl56\/comunicacio\/informacio-d-interes\/id637\/solicituds-per-ajuts.htm Si teniu dubtes sobre el procediment, adreceu-vos a l&#8217;ajuntament. CARTELL BEQUES 2021-2022 Sol\u00b7licitud AIM curs 2021-2022<\/p>\n","protected":false},"author":1,"featured_media":0,"comment_status":"closed","ping_status":"closed","sticky":false,"template":"","format":"standard","meta":{"_bbp_topic_count":0,"_bbp_reply_count":0,"_bbp_total_topic_count":0,"_bbp_total_reply_count":0,"_bbp_voice_count":0,"_bbp_anonymous_reply_count":0,"_bbp_topic_count_hidden":0,"_bbp_reply_count_hidden":0,"_bbp_forum_subforum_count":0,"site-sidebar-layout":"default","site-content-layout":"","ast-site-content-layout":"","site-content-style":"default","site-sidebar-style":"default","ast-global-header-display":"","ast-banner-title-visibility":"","ast-main-header-display":"","ast-hfb-above-header-display":"","ast-hfb-below-header-display":"","ast-hfb-mobile-header-display":"","site-post-title":"","ast-breadcrumbs-content":"","ast-featured-img":"","footer-sml-layout":"","theme-transparent-header-meta":"","adv-header-id-meta":"","stick-header-meta":"","header-above-stick-meta":"","header-main-stick-meta":"","header-below-stick-meta":"","astra-migrate-meta-layouts":"default","ast-page-background-enabled":"default","ast-page-background-meta":{"desktop":{"background-color":"var(--ast-global-color-4)","background-image":"","background-repeat":"repeat","background-position":"center center","background-size":"auto","background-attachment":"scroll","background-type":"","background-media":"","overlay-type":"","overlay-color":"","overlay-opacity":"","overlay-gradient":""},"tablet":{"background-color":"","background-image":"","background-repeat":"repeat","background-position":"center center","background-size":"auto","background-attachment":"scroll","background-type":"","background-media":"","overlay-type":"","overlay-color":"","overlay-opacity":"","overlay-gradient":""},"mobile":{"background-color":"","background-image":"","background-repeat":"repeat","background-position":"center center","background-size":"auto","background-attachment":"scroll","background-type":"","background-media":"","overlay-type":"","overlay-color":"","overlay-opacity":"","overlay-gradient":""}},"ast-content-background-meta":{"desktop":{"background-color":"var(--ast-global-color-5)","background-image":"","background-repeat":"repeat","background-position":"center center","background-size":"auto","background-attachment":"scroll","background-type":"","background-media":"","overlay-type":"","overlay-color":"","overlay-opacity":"","overlay-gradient":""},"tablet":{"background-color":"var(--ast-global-color-5)","background-image":"","background-repeat":"repeat","background-position":"center center","background-size":"auto","background-attachment":"scroll","background-type":"","background-media":"","overlay-type":"","overlay-color":"","overlay-opacity":"","overlay-gradient":""},"mobile":{"background-color":"var(--ast-global-color-5)","background-image":"","background-repeat":"repeat","background-position":"center center","background-size":"auto","background-attachment":"scroll","background-type":"","background-media":"","overlay-type":"","overlay-color":"","overlay-opacity":"","overlay-gradient":""}},"footnotes":""},"categories":[115],"tags":[427,445,446],"class_list":["post-12367","post","type-post","status-publish","format-standard","hentry","category-familia","tag-ajuntament","tag-ajuts-menjador","tag-beques-menjador"],"post_mailing_queue_ids":[],"_links":{"self":[{"href":"https:\/\/agora.xtec.cat\/ceippaucasals\/wp-json\/wp\/v2\/posts\/12367","targetHints":{"allow":["GET"]}}],"collection":[{"href":"https:\/\/agora.xtec.cat\/ceippaucasals\/wp-json\/wp\/v2\/posts"}],"about":[{"href":"https:\/\/agora.xtec.cat\/ceippaucasals\/wp-json\/wp\/v2\/types\/post"}],"author":[{"embeddable":true,"href":"https:\/\/agora.xtec.cat\/ceippaucasals\/wp-json\/wp\/v2\/users\/1"}],"replies":[{"embeddable":true,"href":"https:\/\/agora.xtec.cat\/ceippaucasals\/wp-json\/wp\/v2\/comments?post=12367"}],"version-history":[{"count":3,"href":"https:\/\/agora.xtec.cat\/ceippaucasals\/wp-json\/wp\/v2\/posts\/12367\/revisions"}],"predecessor-version":[{"id":12373,"href":"https:\/\/agora.xtec.cat\/ceippaucasals\/wp-json\/wp\/v2\/posts\/12367\/revisions\/12373"}],"wp:attachment":[{"href":"https:\/\/agora.xtec.cat\/ceippaucasals\/wp-json\/wp\/v2\/media?parent=12367"}],"wp:term":[{"taxonomy":"category","embeddable":true,"href":"https:\/\/agora.xtec.cat\/ceippaucasals\/wp-json\/wp\/v2\/categories?post=12367"},{"taxonomy":"post_tag","embeddable":true,"href":"https:\/\/agora.xtec.cat\/ceippaucasals\/wp-json\/wp\/v2\/tags?post=12367"}],"curies":[{"name":"wp","href":"https:\/\/api.w.org\/{rel}","templated":true}]}}