{"id":12188,"date":"2021-02-05T15:00:23","date_gmt":"2021-02-05T14:00:23","guid":{"rendered":"http:\/\/agora.xtec.cat\/ceippaucasals\/?p=12188"},"modified":"2021-06-14T18:29:11","modified_gmt":"2021-06-14T16:29:11","slug":"mestra-i-escriptora","status":"publish","type":"post","link":"https:\/\/agora.xtec.cat\/ceippaucasals\/general\/mestra-i-escriptora\/","title":{"rendered":"Mestra i escriptora"},"content":{"rendered":"<p><img loading=\"lazy\" decoding=\"async\" class=\"alignleft\" src=\"https:\/\/ci6.googleusercontent.com\/proxy\/zAy5FQlaMAv9Nn8f_JwURVj6w-nprWLIltOaDRGJf_x3FKZllSY5rxwdx9LmDjSBDxerB-tgUMna5I5K4HOATK9ZEpGtSkfQgTjV0YxvvUZJjGB-xVg20eM47QsMNedzc6UXbpo=s0-d-e1-ft#https:\/\/images.clickacumba.com\/images\/acumbamail_1tACYa8StEhFP7FlC6OB\/IMG_3337.jpg\" alt=\"Texto alternativo\" width=\"238\" height=\"337\" \/>La nostra estimada M\u00f2nica Llamas, tutora de 3rB, \u00e9s tamb\u00e9 escriptora i ha publicat el conte il\u00b7lustrat &#8220;El m\u00f3n de la Bruna&#8221;, que tracta sobre l&#8217;assetjament escolar infantil. La M\u00f2nica va cr\u00e9<span style=\"font-family: inherit; font-size: 1em;\">ixer envoltada de llibres i \u00e9s una entusiasta de l&#8217;escriptura. Intenta encomanar aquest entusiasme a l&#8217;alumnat i que gaudeixin de la lectura i dels seus beneficis.<\/span><\/p>\n<p><img loading=\"lazy\" decoding=\"async\" class=\"alignright\" src=\"https:\/\/ci5.googleusercontent.com\/proxy\/8dns9BAideIrK-xpxhhIBKmFNfqG6MAdf-NSovNUa4nek_WxpZFjzO7UPGBfz-zzsdHp2vn1s_9VLW1su5pRIK67JVRNkG4C2vc_38DhLWdRWAigc9wPIoOvmg0RIL6p0uP61gBnrA2pQBA=s0-d-e1-ft#https:\/\/images.clickacumba.com\/images\/acumbamail_1tACYa8StEhFP7FlC6OB\/FullSizeRender.jpg\" alt=\"Image\" width=\"354\" height=\"265\" \/><\/p>\n<p>El conte que acaba de publicar el podeu trobar en catal\u00e0 i en castell\u00e0 i, tal i com diu la M\u00f2nica, pot ajudar a entendre les emocions que viu un infant que est\u00e0 sent assetjat.<\/p>\n","protected":false},"excerpt":{"rendered":"<p>La nostra estimada M\u00f2nica Llamas, tutora de 3rB, \u00e9s tamb\u00e9 escriptora i ha publicat el conte il\u00b7lustrat &#8220;El m\u00f3n de la Bruna&#8221;, que tracta sobre l&#8217;assetjament escolar infantil. La M\u00f2nica va cr\u00e9ixer envoltada de llibres i \u00e9s una entusiasta de l&#8217;escriptura. Intenta encomanar aquest entusiasme a l&#8217;alumnat i que gaudeixin de la lectura i dels [&hellip;]<\/p>\n","protected":false},"author":1,"featured_media":0,"comment_status":"closed","ping_status":"closed","sticky":false,"template":"","format":"standard","meta":{"_bbp_topic_count":0,"_bbp_reply_count":0,"_bbp_total_topic_count":0,"_bbp_total_reply_count":0,"_bbp_voice_count":0,"_bbp_anonymous_reply_count":0,"_bbp_topic_count_hidden":0,"_bbp_reply_count_hidden":0,"_bbp_forum_subforum_count":0,"site-sidebar-layout":"default","site-content-layout":"","ast-site-content-layout":"","site-content-style":"default","site-sidebar-style":"default","ast-global-header-display":"","ast-banner-title-visibility":"","ast-main-header-display":"","ast-hfb-above-header-display":"","ast-hfb-below-header-display":"","ast-hfb-mobile-header-display":"","site-post-title":"","ast-breadcrumbs-content":"","ast-featured-img":"","footer-sml-layout":"","theme-transparent-header-meta":"","adv-header-id-meta":"","stick-header-meta":"","header-above-stick-meta":"","header-main-stick-meta":"","header-below-stick-meta":"","astra-migrate-meta-layouts":"default","ast-page-background-enabled":"default","ast-page-background-meta":{"desktop":{"background-color":"var(--ast-global-color-4)","background-image":"","background-repeat":"repeat","background-position":"center center","background-size":"auto","background-attachment":"scroll","background-type":"","background-media":"","overlay-type":"","overlay-color":"","overlay-opacity":"","overlay-gradient":""},"tablet":{"background-color":"","background-image":"","background-repeat":"repeat","background-position":"center center","background-size":"auto","background-attachment":"scroll","background-type":"","background-media":"","overlay-type":"","overlay-color":"","overlay-opacity":"","overlay-gradient":""},"mobile":{"background-color":"","background-image":"","background-repeat":"repeat","background-position":"center center","background-size":"auto","background-attachment":"scroll","background-type":"","background-media":"","overlay-type":"","overlay-color":"","overlay-opacity":"","overlay-gradient":""}},"ast-content-background-meta":{"desktop":{"background-color":"var(--ast-global-color-5)","background-image":"","background-repeat":"repeat","background-position":"center center","background-size":"auto","background-attachment":"scroll","background-type":"","background-media":"","overlay-type":"","overlay-color":"","overlay-opacity":"","overlay-gradient":""},"tablet":{"background-color":"var(--ast-global-color-5)","background-image":"","background-repeat":"repeat","background-position":"center center","background-size":"auto","background-attachment":"scroll","background-type":"","background-media":"","overlay-type":"","overlay-color":"","overlay-opacity":"","overlay-gradient":""},"mobile":{"background-color":"var(--ast-global-color-5)","background-image":"","background-repeat":"repeat","background-position":"center center","background-size":"auto","background-attachment":"scroll","background-type":"","background-media":"","overlay-type":"","overlay-color":"","overlay-opacity":"","overlay-gradient":""}},"footnotes":""},"categories":[12,21,1,5],"tags":[433,432,121,110,434,435],"class_list":["post-12188","post","type-post","status-publish","format-standard","hentry","category-3r","category-biblio","category-general","category-primaria","tag-assetjament","tag-bullying","tag-contes","tag-docent","tag-escriptora","tag-mestra"],"post_mailing_queue_ids":[],"_links":{"self":[{"href":"https:\/\/agora.xtec.cat\/ceippaucasals\/wp-json\/wp\/v2\/posts\/12188","targetHints":{"allow":["GET"]}}],"collection":[{"href":"https:\/\/agora.xtec.cat\/ceippaucasals\/wp-json\/wp\/v2\/posts"}],"about":[{"href":"https:\/\/agora.xtec.cat\/ceippaucasals\/wp-json\/wp\/v2\/types\/post"}],"author":[{"embeddable":true,"href":"https:\/\/agora.xtec.cat\/ceippaucasals\/wp-json\/wp\/v2\/users\/1"}],"replies":[{"embeddable":true,"href":"https:\/\/agora.xtec.cat\/ceippaucasals\/wp-json\/wp\/v2\/comments?post=12188"}],"version-history":[{"count":1,"href":"https:\/\/agora.xtec.cat\/ceippaucasals\/wp-json\/wp\/v2\/posts\/12188\/revisions"}],"predecessor-version":[{"id":12189,"href":"https:\/\/agora.xtec.cat\/ceippaucasals\/wp-json\/wp\/v2\/posts\/12188\/revisions\/12189"}],"wp:attachment":[{"href":"https:\/\/agora.xtec.cat\/ceippaucasals\/wp-json\/wp\/v2\/media?parent=12188"}],"wp:term":[{"taxonomy":"category","embeddable":true,"href":"https:\/\/agora.xtec.cat\/ceippaucasals\/wp-json\/wp\/v2\/categories?post=12188"},{"taxonomy":"post_tag","embeddable":true,"href":"https:\/\/agora.xtec.cat\/ceippaucasals\/wp-json\/wp\/v2\/tags?post=12188"}],"curies":[{"name":"wp","href":"https:\/\/api.w.org\/{rel}","templated":true}]}}