{"id":11851,"date":"2020-06-08T12:57:25","date_gmt":"2020-06-08T10:57:25","guid":{"rendered":"http:\/\/agora.xtec.cat\/ceippaucasals\/?p=11851"},"modified":"2020-08-31T10:14:21","modified_gmt":"2020-08-31T08:14:21","slug":"material-de-proteccio-afa","status":"publish","type":"post","link":"https:\/\/agora.xtec.cat\/ceippaucasals\/familia\/afa\/material-de-proteccio-afa\/","title":{"rendered":"Material de protecci\u00f3 AFA"},"content":{"rendered":"<p><a href=\"https:\/\/agora.xtec.cat\/ceippaucasals\/wp-content\/uploads\/usu990\/2020\/06\/IMG-20200608-WA0006.jpg\"><img loading=\"lazy\" decoding=\"async\" class=\"wp-image-11852 aligncenter\" src=\"https:\/\/agora.xtec.cat\/ceippaucasals\/wp-content\/uploads\/usu990\/2020\/06\/IMG-20200608-WA0006.jpg\" alt=\"\" width=\"210\" height=\"280\" srcset=\"https:\/\/agora.xtec.cat\/ceippaucasals\/wp-content\/uploads\/usu990\/2020\/06\/IMG-20200608-WA0006.jpg 1200w, https:\/\/agora.xtec.cat\/ceippaucasals\/wp-content\/uploads\/usu990\/2020\/06\/IMG-20200608-WA0006-225x300.jpg 225w, https:\/\/agora.xtec.cat\/ceippaucasals\/wp-content\/uploads\/usu990\/2020\/06\/IMG-20200608-WA0006-768x1024.jpg 768w\" sizes=\"auto, (max-width: 210px) 100vw, 210px\" \/><\/a>Avui hem obert el centre per oferir el servei d&#8217;acollida a Educaci\u00f3 Infantil en els casos excepcionals en que els dos progenitors han de treballar presencialment i no es poden quedar a casa amb els seus infants.Donem les gr\u00e0cies a l&#8217;Associaci\u00f3 de Fam\u00edlies d&#8217;Alumnes de l&#8217;escola Pau Casals que ens han portat material de protecci\u00f3 necessari per complementar els equips de protecci\u00f3 que ens ha fet arribar el Departament d&#8217;Educaci\u00f3.<\/p>\n<p>Els equips de protecci\u00f3 del Departament estan compostos per mascaretes, guants i gel desinfectant. Gr\u00e0cies a l&#8217;AFA tenim 3 term\u00f2metres d&#8217;infraroigs, <span style=\"font-family: inherit; font-size: 1em;\">mampares de protecci\u00f3 facial, soluci\u00f3 higienitzant i <\/span>m\u00e9s quantitat de gel desinfectant.<\/p>\n<p>Moltes gr\u00e0cies!<\/p>\n","protected":false},"excerpt":{"rendered":"<p>Avui hem obert el centre per oferir el servei d&#8217;acollida a Educaci\u00f3 Infantil en els casos excepcionals en que els dos progenitors han de treballar presencialment i no es poden quedar a casa amb els seus infants.Donem les gr\u00e0cies a l&#8217;Associaci\u00f3 de Fam\u00edlies d&#8217;Alumnes de l&#8217;escola Pau Casals que ens han portat material de protecci\u00f3 [&hellip;]<\/p>\n","protected":false},"author":1,"featured_media":11852,"comment_status":"closed","ping_status":"closed","sticky":false,"template":"","format":"standard","meta":{"_bbp_topic_count":0,"_bbp_reply_count":0,"_bbp_total_topic_count":0,"_bbp_total_reply_count":0,"_bbp_voice_count":0,"_bbp_anonymous_reply_count":0,"_bbp_topic_count_hidden":0,"_bbp_reply_count_hidden":0,"_bbp_forum_subforum_count":0,"site-sidebar-layout":"default","site-content-layout":"","ast-site-content-layout":"","site-content-style":"default","site-sidebar-style":"default","ast-global-header-display":"","ast-banner-title-visibility":"","ast-main-header-display":"","ast-hfb-above-header-display":"","ast-hfb-below-header-display":"","ast-hfb-mobile-header-display":"","site-post-title":"","ast-breadcrumbs-content":"","ast-featured-img":"","footer-sml-layout":"","theme-transparent-header-meta":"","adv-header-id-meta":"","stick-header-meta":"","header-above-stick-meta":"","header-main-stick-meta":"","header-below-stick-meta":"","astra-migrate-meta-layouts":"default","ast-page-background-enabled":"default","ast-page-background-meta":{"desktop":{"background-color":"var(--ast-global-color-4)","background-image":"","background-repeat":"repeat","background-position":"center center","background-size":"auto","background-attachment":"scroll","background-type":"","background-media":"","overlay-type":"","overlay-color":"","overlay-opacity":"","overlay-gradient":""},"tablet":{"background-color":"","background-image":"","background-repeat":"repeat","background-position":"center center","background-size":"auto","background-attachment":"scroll","background-type":"","background-media":"","overlay-type":"","overlay-color":"","overlay-opacity":"","overlay-gradient":""},"mobile":{"background-color":"","background-image":"","background-repeat":"repeat","background-position":"center center","background-size":"auto","background-attachment":"scroll","background-type":"","background-media":"","overlay-type":"","overlay-color":"","overlay-opacity":"","overlay-gradient":""}},"ast-content-background-meta":{"desktop":{"background-color":"var(--ast-global-color-5)","background-image":"","background-repeat":"repeat","background-position":"center center","background-size":"auto","background-attachment":"scroll","background-type":"","background-media":"","overlay-type":"","overlay-color":"","overlay-opacity":"","overlay-gradient":""},"tablet":{"background-color":"var(--ast-global-color-5)","background-image":"","background-repeat":"repeat","background-position":"center center","background-size":"auto","background-attachment":"scroll","background-type":"","background-media":"","overlay-type":"","overlay-color":"","overlay-opacity":"","overlay-gradient":""},"mobile":{"background-color":"var(--ast-global-color-5)","background-image":"","background-repeat":"repeat","background-position":"center center","background-size":"auto","background-attachment":"scroll","background-type":"","background-media":"","overlay-type":"","overlay-color":"","overlay-opacity":"","overlay-gradient":""}},"footnotes":""},"categories":[7,115],"tags":[414,415,418,419],"class_list":["post-11851","post","type-post","status-publish","format-standard","has-post-thumbnail","hentry","category-afa","category-familia","tag-confinament","tag-covid-19","tag-epi","tag-equips-de-proteccio"],"post_mailing_queue_ids":[],"_links":{"self":[{"href":"https:\/\/agora.xtec.cat\/ceippaucasals\/wp-json\/wp\/v2\/posts\/11851","targetHints":{"allow":["GET"]}}],"collection":[{"href":"https:\/\/agora.xtec.cat\/ceippaucasals\/wp-json\/wp\/v2\/posts"}],"about":[{"href":"https:\/\/agora.xtec.cat\/ceippaucasals\/wp-json\/wp\/v2\/types\/post"}],"author":[{"embeddable":true,"href":"https:\/\/agora.xtec.cat\/ceippaucasals\/wp-json\/wp\/v2\/users\/1"}],"replies":[{"embeddable":true,"href":"https:\/\/agora.xtec.cat\/ceippaucasals\/wp-json\/wp\/v2\/comments?post=11851"}],"version-history":[{"count":3,"href":"https:\/\/agora.xtec.cat\/ceippaucasals\/wp-json\/wp\/v2\/posts\/11851\/revisions"}],"predecessor-version":[{"id":11864,"href":"https:\/\/agora.xtec.cat\/ceippaucasals\/wp-json\/wp\/v2\/posts\/11851\/revisions\/11864"}],"wp:featuredmedia":[{"embeddable":true,"href":"https:\/\/agora.xtec.cat\/ceippaucasals\/wp-json\/wp\/v2\/media\/11852"}],"wp:attachment":[{"href":"https:\/\/agora.xtec.cat\/ceippaucasals\/wp-json\/wp\/v2\/media?parent=11851"}],"wp:term":[{"taxonomy":"category","embeddable":true,"href":"https:\/\/agora.xtec.cat\/ceippaucasals\/wp-json\/wp\/v2\/categories?post=11851"},{"taxonomy":"post_tag","embeddable":true,"href":"https:\/\/agora.xtec.cat\/ceippaucasals\/wp-json\/wp\/v2\/tags?post=11851"}],"curies":[{"name":"wp","href":"https:\/\/api.w.org\/{rel}","templated":true}]}}