{"id":11746,"date":"2020-03-30T15:03:44","date_gmt":"2020-03-30T13:03:44","guid":{"rendered":"http:\/\/agora.xtec.cat\/ceippaucasals\/?p=11746"},"modified":"2020-03-30T15:09:23","modified_gmt":"2020-03-30T13:09:23","slug":"sessio-a-p3-de-psicomotricitat-el-circ","status":"publish","type":"post","link":"https:\/\/agora.xtec.cat\/ceippaucasals\/infantil\/p3\/sessio-a-p3-de-psicomotricitat-el-circ\/","title":{"rendered":"Sessi\u00f3 a P3 de Psicomotricitat: El Circ."},"content":{"rendered":"<p>En el passat mes de febrer, els i les alumnes de P3 van poder gaudir d&#8217;una sessi\u00f3 psicomotriu tem\u00e0tica. En aquest cas, es va disposar el material i l&#8217;espai per crear un circ, el Circ de P3.<\/p>\n<p>En aquest Circ, a m\u00e9s de fer equilibris, salts, corredisses, coordinacions, arrossegaments, llan\u00e7aments i girs l&#8217;alumnat va poder vivenciar les seq\u00fc\u00e8ncies a trav\u00e9s de les formes i els colors. I tamb\u00e9 de geometria mitjan\u00e7ant diferents formes: rectangulars, el\u00b7l\u00edptiques, triangulars, rodones i quadrades.<\/p>\n<p>A m\u00e9s de jugar amb conceptes matem\u00e0tics i fer molta activitat f\u00edsica, vam aprendre a relacionar-nos amb els nostres iguals, a compartir l&#8217;espai i el material i a pensar i expressar les nostres accions.<\/p>\n<p><a href=\"http:\/\/agora.xtec.cat\/ceippaucasals\/infantil\/p3\/sessio-a-p3-de-psicomotricitat-el-circ\/attachment\/p3a_definitiu_el_circ_de_paco\/\" rel=\"attachment wp-att-11747\"><img loading=\"lazy\" decoding=\"async\" class=\"aligncenter wp-image-11747\" src=\"https:\/\/agora.xtec.cat\/ceippaucasals\/wp-content\/uploads\/usu990\/2020\/03\/P3A_Definitiu_El_Circ_de_Paco.jpg\" alt=\"\" width=\"741\" height=\"330\" srcset=\"https:\/\/agora.xtec.cat\/ceippaucasals\/wp-content\/uploads\/usu990\/2020\/03\/P3A_Definitiu_El_Circ_de_Paco.jpg 658w, https:\/\/agora.xtec.cat\/ceippaucasals\/wp-content\/uploads\/usu990\/2020\/03\/P3A_Definitiu_El_Circ_de_Paco-300x134.jpg 300w\" sizes=\"auto, (max-width: 741px) 100vw, 741px\" \/><\/a><\/p>\n","protected":false},"excerpt":{"rendered":"<p>En el passat mes de febrer, els i les alumnes de P3 van poder gaudir d&#8217;una sessi\u00f3 psicomotriu tem\u00e0tica. En aquest cas, es va disposar el material i l&#8217;espai per crear un circ, el Circ de P3. En aquest Circ, a m\u00e9s de fer equilibris, salts, corredisses, coordinacions, arrossegaments, llan\u00e7aments i girs l&#8217;alumnat va poder [&hellip;]<\/p>\n","protected":false},"author":4,"featured_media":11747,"comment_status":"closed","ping_status":"closed","sticky":false,"template":"","format":"standard","meta":{"_bbp_topic_count":0,"_bbp_reply_count":0,"_bbp_total_topic_count":0,"_bbp_total_reply_count":0,"_bbp_voice_count":0,"_bbp_anonymous_reply_count":0,"_bbp_topic_count_hidden":0,"_bbp_reply_count_hidden":0,"_bbp_forum_subforum_count":0,"site-sidebar-layout":"default","site-content-layout":"","ast-site-content-layout":"","site-content-style":"default","site-sidebar-style":"default","ast-global-header-display":"","ast-banner-title-visibility":"","ast-main-header-display":"","ast-hfb-above-header-display":"","ast-hfb-below-header-display":"","ast-hfb-mobile-header-display":"","site-post-title":"","ast-breadcrumbs-content":"","ast-featured-img":"","footer-sml-layout":"","theme-transparent-header-meta":"","adv-header-id-meta":"","stick-header-meta":"","header-above-stick-meta":"","header-main-stick-meta":"","header-below-stick-meta":"","astra-migrate-meta-layouts":"default","ast-page-background-enabled":"default","ast-page-background-meta":{"desktop":{"background-color":"var(--ast-global-color-4)","background-image":"","background-repeat":"repeat","background-position":"center center","background-size":"auto","background-attachment":"scroll","background-type":"","background-media":"","overlay-type":"","overlay-color":"","overlay-opacity":"","overlay-gradient":""},"tablet":{"background-color":"","background-image":"","background-repeat":"repeat","background-position":"center center","background-size":"auto","background-attachment":"scroll","background-type":"","background-media":"","overlay-type":"","overlay-color":"","overlay-opacity":"","overlay-gradient":""},"mobile":{"background-color":"","background-image":"","background-repeat":"repeat","background-position":"center center","background-size":"auto","background-attachment":"scroll","background-type":"","background-media":"","overlay-type":"","overlay-color":"","overlay-opacity":"","overlay-gradient":""}},"ast-content-background-meta":{"desktop":{"background-color":"var(--ast-global-color-5)","background-image":"","background-repeat":"repeat","background-position":"center center","background-size":"auto","background-attachment":"scroll","background-type":"","background-media":"","overlay-type":"","overlay-color":"","overlay-opacity":"","overlay-gradient":""},"tablet":{"background-color":"var(--ast-global-color-5)","background-image":"","background-repeat":"repeat","background-position":"center center","background-size":"auto","background-attachment":"scroll","background-type":"","background-media":"","overlay-type":"","overlay-color":"","overlay-opacity":"","overlay-gradient":""},"mobile":{"background-color":"var(--ast-global-color-5)","background-image":"","background-repeat":"repeat","background-position":"center center","background-size":"auto","background-attachment":"scroll","background-type":"","background-media":"","overlay-type":"","overlay-color":"","overlay-opacity":"","overlay-gradient":""}},"footnotes":""},"categories":[40,3],"tags":[28,18],"class_list":["post-11746","post","type-post","status-publish","format-standard","has-post-thumbnail","hentry","category-ef","category-p3","tag-p3","tag-psicomotricitat"],"post_mailing_queue_ids":[],"_links":{"self":[{"href":"https:\/\/agora.xtec.cat\/ceippaucasals\/wp-json\/wp\/v2\/posts\/11746","targetHints":{"allow":["GET"]}}],"collection":[{"href":"https:\/\/agora.xtec.cat\/ceippaucasals\/wp-json\/wp\/v2\/posts"}],"about":[{"href":"https:\/\/agora.xtec.cat\/ceippaucasals\/wp-json\/wp\/v2\/types\/post"}],"author":[{"embeddable":true,"href":"https:\/\/agora.xtec.cat\/ceippaucasals\/wp-json\/wp\/v2\/users\/4"}],"replies":[{"embeddable":true,"href":"https:\/\/agora.xtec.cat\/ceippaucasals\/wp-json\/wp\/v2\/comments?post=11746"}],"version-history":[{"count":3,"href":"https:\/\/agora.xtec.cat\/ceippaucasals\/wp-json\/wp\/v2\/posts\/11746\/revisions"}],"predecessor-version":[{"id":11751,"href":"https:\/\/agora.xtec.cat\/ceippaucasals\/wp-json\/wp\/v2\/posts\/11746\/revisions\/11751"}],"wp:featuredmedia":[{"embeddable":true,"href":"https:\/\/agora.xtec.cat\/ceippaucasals\/wp-json\/wp\/v2\/media\/11747"}],"wp:attachment":[{"href":"https:\/\/agora.xtec.cat\/ceippaucasals\/wp-json\/wp\/v2\/media?parent=11746"}],"wp:term":[{"taxonomy":"category","embeddable":true,"href":"https:\/\/agora.xtec.cat\/ceippaucasals\/wp-json\/wp\/v2\/categories?post=11746"},{"taxonomy":"post_tag","embeddable":true,"href":"https:\/\/agora.xtec.cat\/ceippaucasals\/wp-json\/wp\/v2\/tags?post=11746"}],"curies":[{"name":"wp","href":"https:\/\/api.w.org\/{rel}","templated":true}]}}