{"id":11539,"date":"2019-11-28T16:53:57","date_gmt":"2019-11-28T15:53:57","guid":{"rendered":"http:\/\/agora.xtec.cat\/ceippaucasals\/?p=11539"},"modified":"2019-12-05T12:02:17","modified_gmt":"2019-12-05T11:02:17","slug":"campanya-electoral","status":"publish","type":"post","link":"https:\/\/agora.xtec.cat\/ceippaucasals\/primaria\/5e\/campanya-electoral\/","title":{"rendered":"Campanya electoral"},"content":{"rendered":"<p>L&#8217;alumnat de 5\u00e8 B estem preparant unes eleccions per escollir el nostre\/-a delegat\/-ada. Per aquest motiu, hem demanat a l&#8217;alcalde de Vacarisses, en Toni Massana, i a la regidora de ciutadans i mare de l&#8217;escola, la Fanny, que ens vinguessin a fer una xerrada sobre pol\u00edtica municipal, aix\u00ed com donar-nos informaci\u00f3 necess\u00e0ria per iniciar la nostra campanya electoral. Agra\u00efm les seves aportacions i la seva dedicaci\u00f3!<\/p>\n<p>&nbsp;<\/p>\n<p><a href=\"https:\/\/agora.xtec.cat\/ceippaucasals\/wp-content\/uploads\/usu990\/2019\/11\/IMG_20191128_164502.redimensionada.jpg\"><img loading=\"lazy\" decoding=\"async\" class=\"alignnone size-full wp-image-11540\" src=\"https:\/\/agora.xtec.cat\/ceippaucasals\/wp-content\/uploads\/usu990\/2019\/11\/IMG_20191128_164502.redimensionada.jpg\" alt=\"\" width=\"640\" height=\"356\" srcset=\"https:\/\/agora.xtec.cat\/ceippaucasals\/wp-content\/uploads\/usu990\/2019\/11\/IMG_20191128_164502.redimensionada.jpg 640w, https:\/\/agora.xtec.cat\/ceippaucasals\/wp-content\/uploads\/usu990\/2019\/11\/IMG_20191128_164502.redimensionada-300x167.jpg 300w\" sizes=\"auto, (max-width: 640px) 100vw, 640px\" \/><\/a> <a href=\"https:\/\/agora.xtec.cat\/ceippaucasals\/wp-content\/uploads\/usu990\/2019\/11\/IMG_20191128_132712.redimensionada.jpg\"><img loading=\"lazy\" decoding=\"async\" class=\"alignnone size-large wp-image-11541\" src=\"https:\/\/agora.xtec.cat\/ceippaucasals\/wp-content\/uploads\/usu990\/2019\/11\/IMG_20191128_132712.redimensionada.jpg\" alt=\"\" width=\"640\" height=\"356\" srcset=\"https:\/\/agora.xtec.cat\/ceippaucasals\/wp-content\/uploads\/usu990\/2019\/11\/IMG_20191128_132712.redimensionada.jpg 640w, https:\/\/agora.xtec.cat\/ceippaucasals\/wp-content\/uploads\/usu990\/2019\/11\/IMG_20191128_132712.redimensionada-300x167.jpg 300w\" sizes=\"auto, (max-width: 640px) 100vw, 640px\" \/><\/a><\/p>\n","protected":false},"excerpt":{"rendered":"<p>L&#8217;alumnat de 5\u00e8 B estem preparant unes eleccions per escollir el nostre\/-a delegat\/-ada. Per aquest motiu, hem demanat a l&#8217;alcalde de Vacarisses, en Toni Massana, i a la regidora de ciutadans i mare de l&#8217;escola, la Fanny, que ens vinguessin a fer una xerrada sobre pol\u00edtica municipal, aix\u00ed com donar-nos informaci\u00f3 necess\u00e0ria per iniciar la [&hellip;]<\/p>\n","protected":false},"author":1,"featured_media":0,"comment_status":"open","ping_status":"closed","sticky":false,"template":"","format":"standard","meta":{"_bbp_topic_count":0,"_bbp_reply_count":0,"_bbp_total_topic_count":0,"_bbp_total_reply_count":0,"_bbp_voice_count":0,"_bbp_anonymous_reply_count":0,"_bbp_topic_count_hidden":0,"_bbp_reply_count_hidden":0,"_bbp_forum_subforum_count":0,"site-sidebar-layout":"default","site-content-layout":"","ast-site-content-layout":"","site-content-style":"default","site-sidebar-style":"default","ast-global-header-display":"","ast-banner-title-visibility":"","ast-main-header-display":"","ast-hfb-above-header-display":"","ast-hfb-below-header-display":"","ast-hfb-mobile-header-display":"","site-post-title":"","ast-breadcrumbs-content":"","ast-featured-img":"","footer-sml-layout":"","theme-transparent-header-meta":"","adv-header-id-meta":"","stick-header-meta":"","header-above-stick-meta":"","header-main-stick-meta":"","header-below-stick-meta":"","astra-migrate-meta-layouts":"default","ast-page-background-enabled":"default","ast-page-background-meta":{"desktop":{"background-color":"var(--ast-global-color-4)","background-image":"","background-repeat":"repeat","background-position":"center center","background-size":"auto","background-attachment":"scroll","background-type":"","background-media":"","overlay-type":"","overlay-color":"","overlay-opacity":"","overlay-gradient":""},"tablet":{"background-color":"","background-image":"","background-repeat":"repeat","background-position":"center center","background-size":"auto","background-attachment":"scroll","background-type":"","background-media":"","overlay-type":"","overlay-color":"","overlay-opacity":"","overlay-gradient":""},"mobile":{"background-color":"","background-image":"","background-repeat":"repeat","background-position":"center center","background-size":"auto","background-attachment":"scroll","background-type":"","background-media":"","overlay-type":"","overlay-color":"","overlay-opacity":"","overlay-gradient":""}},"ast-content-background-meta":{"desktop":{"background-color":"var(--ast-global-color-5)","background-image":"","background-repeat":"repeat","background-position":"center center","background-size":"auto","background-attachment":"scroll","background-type":"","background-media":"","overlay-type":"","overlay-color":"","overlay-opacity":"","overlay-gradient":""},"tablet":{"background-color":"var(--ast-global-color-5)","background-image":"","background-repeat":"repeat","background-position":"center center","background-size":"auto","background-attachment":"scroll","background-type":"","background-media":"","overlay-type":"","overlay-color":"","overlay-opacity":"","overlay-gradient":""},"mobile":{"background-color":"var(--ast-global-color-5)","background-image":"","background-repeat":"repeat","background-position":"center center","background-size":"auto","background-attachment":"scroll","background-type":"","background-media":"","overlay-type":"","overlay-color":"","overlay-opacity":"","overlay-gradient":""}},"footnotes":""},"categories":[14],"tags":[399],"class_list":["post-11539","post","type-post","status-publish","format-standard","hentry","category-5e","tag-eleccions"],"post_mailing_queue_ids":[],"_links":{"self":[{"href":"https:\/\/agora.xtec.cat\/ceippaucasals\/wp-json\/wp\/v2\/posts\/11539","targetHints":{"allow":["GET"]}}],"collection":[{"href":"https:\/\/agora.xtec.cat\/ceippaucasals\/wp-json\/wp\/v2\/posts"}],"about":[{"href":"https:\/\/agora.xtec.cat\/ceippaucasals\/wp-json\/wp\/v2\/types\/post"}],"author":[{"embeddable":true,"href":"https:\/\/agora.xtec.cat\/ceippaucasals\/wp-json\/wp\/v2\/users\/1"}],"replies":[{"embeddable":true,"href":"https:\/\/agora.xtec.cat\/ceippaucasals\/wp-json\/wp\/v2\/comments?post=11539"}],"version-history":[{"count":1,"href":"https:\/\/agora.xtec.cat\/ceippaucasals\/wp-json\/wp\/v2\/posts\/11539\/revisions"}],"predecessor-version":[{"id":11542,"href":"https:\/\/agora.xtec.cat\/ceippaucasals\/wp-json\/wp\/v2\/posts\/11539\/revisions\/11542"}],"wp:attachment":[{"href":"https:\/\/agora.xtec.cat\/ceippaucasals\/wp-json\/wp\/v2\/media?parent=11539"}],"wp:term":[{"taxonomy":"category","embeddable":true,"href":"https:\/\/agora.xtec.cat\/ceippaucasals\/wp-json\/wp\/v2\/categories?post=11539"},{"taxonomy":"post_tag","embeddable":true,"href":"https:\/\/agora.xtec.cat\/ceippaucasals\/wp-json\/wp\/v2\/tags?post=11539"}],"curies":[{"name":"wp","href":"https:\/\/api.w.org\/{rel}","templated":true}]}}