{"id":11526,"date":"2019-11-27T10:00:36","date_gmt":"2019-11-27T09:00:36","guid":{"rendered":"http:\/\/agora.xtec.cat\/ceippaucasals\/?p=11526"},"modified":"2020-06-08T13:24:41","modified_gmt":"2020-06-08T11:24:41","slug":"resultats-valoracions-reunions-19-20","status":"publish","type":"post","link":"https:\/\/agora.xtec.cat\/ceippaucasals\/general\/resultats-valoracions-reunions-19-20\/","title":{"rendered":"Resultats valoracions reunions 19-20"},"content":{"rendered":"<p>&nbsp;<\/p>\n<p>Tal i com ja es va fer el curs passat, en finalitzar les reunions d&#8217;inici de curs del setembre es va demanar a les fam\u00edlies la seva opini\u00f3 sobre l&#8217;organitzaci\u00f3 i desenvolupament de la reuni\u00f3. Amb un breu formulari vam poder recollir les valoracions dels assistents amb la finalitat d&#8217;incorporar propostes de millora.<\/p>\n<p>Ja podeu consultar els resultats de les valoracions de de les reunions d&#8217;aquest curs 2019-2020 fent <em>click<\/em> al seg\u00fcent enlla\u00e7:\u00a0 <a href=\"https:\/\/agora.xtec.cat\/ceippaucasals\/wp-content\/uploads\/usu990\/2019\/11\/Respostes-enquestes-inici-curs-19-20.pdf\">Respostes enquestes inici curs 19-20<\/a><\/p>\n<p><a href=\"https:\/\/agora.xtec.cat\/ceippaucasals\/wp-content\/uploads\/usu990\/2019\/11\/Screenshot_2019-11-27-Valoraci\u00f3-reuni\u00f3-dinici-de-curs-19-20.png\"><img loading=\"lazy\" decoding=\"async\" class=\"alignnone size-full wp-image-11528\" src=\"https:\/\/agora.xtec.cat\/ceippaucasals\/wp-content\/uploads\/usu990\/2019\/11\/Screenshot_2019-11-27-Valoraci\u00f3-reuni\u00f3-dinici-de-curs-19-20.png\" alt=\"\" width=\"770\" height=\"373\" srcset=\"https:\/\/agora.xtec.cat\/ceippaucasals\/wp-content\/uploads\/usu990\/2019\/11\/Screenshot_2019-11-27-Valoraci\u00f3-reuni\u00f3-dinici-de-curs-19-20.png 770w, https:\/\/agora.xtec.cat\/ceippaucasals\/wp-content\/uploads\/usu990\/2019\/11\/Screenshot_2019-11-27-Valoraci\u00f3-reuni\u00f3-dinici-de-curs-19-20-300x145.png 300w, https:\/\/agora.xtec.cat\/ceippaucasals\/wp-content\/uploads\/usu990\/2019\/11\/Screenshot_2019-11-27-Valoraci\u00f3-reuni\u00f3-dinici-de-curs-19-20-768x372.png 768w\" sizes=\"auto, (max-width: 770px) 100vw, 770px\" \/><\/a><\/p>\n","protected":false},"excerpt":{"rendered":"<p>&nbsp; Tal i com ja es va fer el curs passat, en finalitzar les reunions d&#8217;inici de curs del setembre es va demanar a les fam\u00edlies la seva opini\u00f3 sobre l&#8217;organitzaci\u00f3 i desenvolupament de la reuni\u00f3. Amb un breu formulari vam poder recollir les valoracions dels assistents amb la finalitat d&#8217;incorporar propostes de millora. Ja [&hellip;]<\/p>\n","protected":false},"author":1,"featured_media":11528,"comment_status":"open","ping_status":"closed","sticky":false,"template":"","format":"standard","meta":{"_bbp_topic_count":0,"_bbp_reply_count":0,"_bbp_total_topic_count":0,"_bbp_total_reply_count":0,"_bbp_voice_count":0,"_bbp_anonymous_reply_count":0,"_bbp_topic_count_hidden":0,"_bbp_reply_count_hidden":0,"_bbp_forum_subforum_count":0,"site-sidebar-layout":"default","site-content-layout":"","ast-site-content-layout":"","site-content-style":"default","site-sidebar-style":"default","ast-global-header-display":"","ast-banner-title-visibility":"","ast-main-header-display":"","ast-hfb-above-header-display":"","ast-hfb-below-header-display":"","ast-hfb-mobile-header-display":"","site-post-title":"","ast-breadcrumbs-content":"","ast-featured-img":"","footer-sml-layout":"","theme-transparent-header-meta":"","adv-header-id-meta":"","stick-header-meta":"","header-above-stick-meta":"","header-main-stick-meta":"","header-below-stick-meta":"","astra-migrate-meta-layouts":"default","ast-page-background-enabled":"default","ast-page-background-meta":{"desktop":{"background-color":"var(--ast-global-color-4)","background-image":"","background-repeat":"repeat","background-position":"center center","background-size":"auto","background-attachment":"scroll","background-type":"","background-media":"","overlay-type":"","overlay-color":"","overlay-opacity":"","overlay-gradient":""},"tablet":{"background-color":"","background-image":"","background-repeat":"repeat","background-position":"center center","background-size":"auto","background-attachment":"scroll","background-type":"","background-media":"","overlay-type":"","overlay-color":"","overlay-opacity":"","overlay-gradient":""},"mobile":{"background-color":"","background-image":"","background-repeat":"repeat","background-position":"center center","background-size":"auto","background-attachment":"scroll","background-type":"","background-media":"","overlay-type":"","overlay-color":"","overlay-opacity":"","overlay-gradient":""}},"ast-content-background-meta":{"desktop":{"background-color":"var(--ast-global-color-5)","background-image":"","background-repeat":"repeat","background-position":"center center","background-size":"auto","background-attachment":"scroll","background-type":"","background-media":"","overlay-type":"","overlay-color":"","overlay-opacity":"","overlay-gradient":""},"tablet":{"background-color":"var(--ast-global-color-5)","background-image":"","background-repeat":"repeat","background-position":"center center","background-size":"auto","background-attachment":"scroll","background-type":"","background-media":"","overlay-type":"","overlay-color":"","overlay-opacity":"","overlay-gradient":""},"mobile":{"background-color":"var(--ast-global-color-5)","background-image":"","background-repeat":"repeat","background-position":"center center","background-size":"auto","background-attachment":"scroll","background-type":"","background-media":"","overlay-type":"","overlay-color":"","overlay-opacity":"","overlay-gradient":""}},"footnotes":""},"categories":[7,115,1],"tags":[307],"class_list":["post-11526","post","type-post","status-publish","format-standard","has-post-thumbnail","hentry","category-afa","category-familia","category-general","tag-reunions-inici-de-curs"],"post_mailing_queue_ids":[],"_links":{"self":[{"href":"https:\/\/agora.xtec.cat\/ceippaucasals\/wp-json\/wp\/v2\/posts\/11526","targetHints":{"allow":["GET"]}}],"collection":[{"href":"https:\/\/agora.xtec.cat\/ceippaucasals\/wp-json\/wp\/v2\/posts"}],"about":[{"href":"https:\/\/agora.xtec.cat\/ceippaucasals\/wp-json\/wp\/v2\/types\/post"}],"author":[{"embeddable":true,"href":"https:\/\/agora.xtec.cat\/ceippaucasals\/wp-json\/wp\/v2\/users\/1"}],"replies":[{"embeddable":true,"href":"https:\/\/agora.xtec.cat\/ceippaucasals\/wp-json\/wp\/v2\/comments?post=11526"}],"version-history":[{"count":1,"href":"https:\/\/agora.xtec.cat\/ceippaucasals\/wp-json\/wp\/v2\/posts\/11526\/revisions"}],"predecessor-version":[{"id":11529,"href":"https:\/\/agora.xtec.cat\/ceippaucasals\/wp-json\/wp\/v2\/posts\/11526\/revisions\/11529"}],"wp:featuredmedia":[{"embeddable":true,"href":"https:\/\/agora.xtec.cat\/ceippaucasals\/wp-json\/wp\/v2\/media\/11528"}],"wp:attachment":[{"href":"https:\/\/agora.xtec.cat\/ceippaucasals\/wp-json\/wp\/v2\/media?parent=11526"}],"wp:term":[{"taxonomy":"category","embeddable":true,"href":"https:\/\/agora.xtec.cat\/ceippaucasals\/wp-json\/wp\/v2\/categories?post=11526"},{"taxonomy":"post_tag","embeddable":true,"href":"https:\/\/agora.xtec.cat\/ceippaucasals\/wp-json\/wp\/v2\/tags?post=11526"}],"curies":[{"name":"wp","href":"https:\/\/api.w.org\/{rel}","templated":true}]}}