{"id":11495,"date":"2019-10-31T12:50:58","date_gmt":"2019-10-31T11:50:58","guid":{"rendered":"http:\/\/agora.xtec.cat\/ceippaucasals\/?p=11495"},"modified":"2019-11-06T12:52:09","modified_gmt":"2019-11-06T11:52:09","slug":"salvem-els-animals","status":"publish","type":"post","link":"https:\/\/agora.xtec.cat\/ceippaucasals\/primaria\/2n\/salvem-els-animals\/","title":{"rendered":"Salvem els animals!"},"content":{"rendered":"<p>Els alumnes de segon curs vam decidir viatjar fins a Santa Maria de Merl\u00e8s per con\u00e8ixer i salvar animals en perill d&#8217;extinci\u00f3.<\/p>\n<p>Sobretot hi havia animals salvatges que estaven domesticats i que ja no podien tornar al seu medi natural perqu\u00e8 ja no es poden adaptar i serien r\u00e0pidament devorats.<\/p>\n<p>Vam aprendre a no treure els animals d&#8217;all\u00e0 on viuen i no contaminar el seu entorn perqu\u00e8 visquin feli\u00e7os amb les seves fam\u00edlies i en el seu espai propi.<\/p>\n<p><a href=\"http:\/\/agora.xtec.cat\/ceippaucasals\/primaria\/2n\/salvem-els-animals\/attachment\/samsung-camera-pictures-88\/\" rel=\"attachment wp-att-11496\"><img loading=\"lazy\" decoding=\"async\" class=\" wp-image-11496\" src=\"https:\/\/agora.xtec.cat\/ceippaucasals\/wp-content\/uploads\/usu990\/2019\/10\/SAM_6429-1024x768.jpg\" alt=\"\" width=\"303\" height=\"227\" srcset=\"https:\/\/agora.xtec.cat\/ceippaucasals\/wp-content\/uploads\/usu990\/2019\/10\/SAM_6429.jpg 1024w, https:\/\/agora.xtec.cat\/ceippaucasals\/wp-content\/uploads\/usu990\/2019\/10\/SAM_6429-300x225.jpg 300w, https:\/\/agora.xtec.cat\/ceippaucasals\/wp-content\/uploads\/usu990\/2019\/10\/SAM_6429-768x576.jpg 768w, https:\/\/agora.xtec.cat\/ceippaucasals\/wp-content\/uploads\/usu990\/2019\/10\/SAM_6429-200x150.jpg 200w\" sizes=\"auto, (max-width: 303px) 100vw, 303px\" \/><\/a><\/p>\n","protected":false},"excerpt":{"rendered":"<p>Els alumnes de segon curs vam decidir viatjar fins a Santa Maria de Merl\u00e8s per con\u00e8ixer i salvar animals en perill d&#8217;extinci\u00f3. Sobretot hi havia animals salvatges que estaven domesticats i que ja no podien tornar al seu medi natural perqu\u00e8 ja no es poden adaptar i serien r\u00e0pidament devorats. Vam aprendre a no treure [&hellip;]<\/p>\n","protected":false},"author":4,"featured_media":11496,"comment_status":"closed","ping_status":"closed","sticky":false,"template":"","format":"standard","meta":{"_bbp_topic_count":0,"_bbp_reply_count":0,"_bbp_total_topic_count":0,"_bbp_total_reply_count":0,"_bbp_voice_count":0,"_bbp_anonymous_reply_count":0,"_bbp_topic_count_hidden":0,"_bbp_reply_count_hidden":0,"_bbp_forum_subforum_count":0,"site-sidebar-layout":"default","site-content-layout":"","ast-site-content-layout":"","site-content-style":"default","site-sidebar-style":"default","ast-global-header-display":"","ast-banner-title-visibility":"","ast-main-header-display":"","ast-hfb-above-header-display":"","ast-hfb-below-header-display":"","ast-hfb-mobile-header-display":"","site-post-title":"","ast-breadcrumbs-content":"","ast-featured-img":"","footer-sml-layout":"","theme-transparent-header-meta":"","adv-header-id-meta":"","stick-header-meta":"","header-above-stick-meta":"","header-main-stick-meta":"","header-below-stick-meta":"","astra-migrate-meta-layouts":"default","ast-page-background-enabled":"default","ast-page-background-meta":{"desktop":{"background-color":"var(--ast-global-color-4)","background-image":"","background-repeat":"repeat","background-position":"center center","background-size":"auto","background-attachment":"scroll","background-type":"","background-media":"","overlay-type":"","overlay-color":"","overlay-opacity":"","overlay-gradient":""},"tablet":{"background-color":"","background-image":"","background-repeat":"repeat","background-position":"center center","background-size":"auto","background-attachment":"scroll","background-type":"","background-media":"","overlay-type":"","overlay-color":"","overlay-opacity":"","overlay-gradient":""},"mobile":{"background-color":"","background-image":"","background-repeat":"repeat","background-position":"center center","background-size":"auto","background-attachment":"scroll","background-type":"","background-media":"","overlay-type":"","overlay-color":"","overlay-opacity":"","overlay-gradient":""}},"ast-content-background-meta":{"desktop":{"background-color":"var(--ast-global-color-5)","background-image":"","background-repeat":"repeat","background-position":"center center","background-size":"auto","background-attachment":"scroll","background-type":"","background-media":"","overlay-type":"","overlay-color":"","overlay-opacity":"","overlay-gradient":""},"tablet":{"background-color":"var(--ast-global-color-5)","background-image":"","background-repeat":"repeat","background-position":"center center","background-size":"auto","background-attachment":"scroll","background-type":"","background-media":"","overlay-type":"","overlay-color":"","overlay-opacity":"","overlay-gradient":""},"mobile":{"background-color":"var(--ast-global-color-5)","background-image":"","background-repeat":"repeat","background-position":"center center","background-size":"auto","background-attachment":"scroll","background-type":"","background-media":"","overlay-type":"","overlay-color":"","overlay-opacity":"","overlay-gradient":""}},"footnotes":""},"categories":[11],"tags":[82,239],"class_list":["post-11495","post","type-post","status-publish","format-standard","has-post-thumbnail","hentry","category-2n","tag-escola-verda","tag-tallers-animals"],"post_mailing_queue_ids":[],"_links":{"self":[{"href":"https:\/\/agora.xtec.cat\/ceippaucasals\/wp-json\/wp\/v2\/posts\/11495","targetHints":{"allow":["GET"]}}],"collection":[{"href":"https:\/\/agora.xtec.cat\/ceippaucasals\/wp-json\/wp\/v2\/posts"}],"about":[{"href":"https:\/\/agora.xtec.cat\/ceippaucasals\/wp-json\/wp\/v2\/types\/post"}],"author":[{"embeddable":true,"href":"https:\/\/agora.xtec.cat\/ceippaucasals\/wp-json\/wp\/v2\/users\/4"}],"replies":[{"embeddable":true,"href":"https:\/\/agora.xtec.cat\/ceippaucasals\/wp-json\/wp\/v2\/comments?post=11495"}],"version-history":[{"count":3,"href":"https:\/\/agora.xtec.cat\/ceippaucasals\/wp-json\/wp\/v2\/posts\/11495\/revisions"}],"predecessor-version":[{"id":11508,"href":"https:\/\/agora.xtec.cat\/ceippaucasals\/wp-json\/wp\/v2\/posts\/11495\/revisions\/11508"}],"wp:featuredmedia":[{"embeddable":true,"href":"https:\/\/agora.xtec.cat\/ceippaucasals\/wp-json\/wp\/v2\/media\/11496"}],"wp:attachment":[{"href":"https:\/\/agora.xtec.cat\/ceippaucasals\/wp-json\/wp\/v2\/media?parent=11495"}],"wp:term":[{"taxonomy":"category","embeddable":true,"href":"https:\/\/agora.xtec.cat\/ceippaucasals\/wp-json\/wp\/v2\/categories?post=11495"},{"taxonomy":"post_tag","embeddable":true,"href":"https:\/\/agora.xtec.cat\/ceippaucasals\/wp-json\/wp\/v2\/tags?post=11495"}],"curies":[{"name":"wp","href":"https:\/\/api.w.org\/{rel}","templated":true}]}}