{"id":11397,"date":"2019-09-05T10:22:18","date_gmt":"2019-09-05T08:22:18","guid":{"rendered":"http:\/\/agora.xtec.cat\/ceippaucasals\/?p=11397"},"modified":"2020-08-31T10:15:28","modified_gmt":"2020-08-31T08:15:28","slug":"insigna-selfie-per-lescola-pau-casals","status":"publish","type":"post","link":"https:\/\/agora.xtec.cat\/ceippaucasals\/general\/bonespractiquestac\/insigna-selfie-per-lescola-pau-casals\/","title":{"rendered":"Insigna SELFIE de l&#8217;Escola Pau Casals"},"content":{"rendered":"<p><a class=\"active\" href=\"https:\/\/insignias.educacion.es\/es\/assertion\/4e3039873720d5d1afa5fe40c03c2ca0a8d4c887\"><img loading=\"lazy\" decoding=\"async\" class=\"aligncenter\" src=\"https:\/\/insignias.educacion.es\/sites\/default\/files\/badges\/selfie-2018-badgepink-400x400_2.png\" alt=\"embed_badge\" width=\"370\" height=\"370\" \/><\/a><\/p>\n<div class=\"field field-name-field-user-full-name field-type-text field-label-above\">\n<div class=\"field-items\">\n<div class=\"field-item even\"><\/div>\n<div class=\"field-item even\" style=\"text-align: justify;\">\n<div class=\"field-item even\">L&#8217;eina <a href=\"https:\/\/ec.europa.eu\/education\/schools-go-digital_es\">SELFIE<\/a> t\u00e9 per objectiu fomentar la reflexi\u00f3 en l&#8217;\u00fas de de les tecnologies digitals per a la doc\u00e8ncia i l&#8217;aprenentatge i ha estat desenvolupat per la Comissi\u00f3 Europea amb un equip internacional d&#8217;experts.<\/div>\n<div><\/div>\n<div class=\"field-item even\">Durant el curs 2018-2019, l&#8217;alumnat, el professorat i l&#8217;Equip Directiu de l&#8217;Escola Pau Casals de Vacarisses, a trav\u00e9s del Departament de Cultura de la Generalitat de Catalunya, van participar al projecte <a href=\"https:\/\/ec.europa.eu\/education\/schools-go-digital_es\">SELFIE<\/a> aportant informaci\u00f3 sobre l&#8217;\u00fas de les tecnologies digitals per millorar les pr\u00e0ctiques docents i d&#8217;aprenentatge. L&#8217;escola ha rebut una insignia per la seva participaci\u00f3 al projecte.<\/div>\n<\/div>\n<\/div>\n<\/div>\n","protected":false},"excerpt":{"rendered":"<p>L&#8217;eina SELFIE t\u00e9 per objectiu fomentar la reflexi\u00f3 en l&#8217;\u00fas de de les tecnologies digitals per a la doc\u00e8ncia i l&#8217;aprenentatge i ha estat desenvolupat per la Comissi\u00f3 Europea amb un equip internacional d&#8217;experts. Durant el curs 2018-2019, l&#8217;alumnat, el professorat i l&#8217;Equip Directiu de l&#8217;Escola Pau Casals de Vacarisses, a trav\u00e9s del Departament de [&hellip;]<\/p>\n","protected":false},"author":1,"featured_media":11398,"comment_status":"open","ping_status":"closed","sticky":false,"template":"","format":"standard","meta":{"_bbp_topic_count":0,"_bbp_reply_count":0,"_bbp_total_topic_count":0,"_bbp_total_reply_count":0,"_bbp_voice_count":0,"_bbp_anonymous_reply_count":0,"_bbp_topic_count_hidden":0,"_bbp_reply_count_hidden":0,"_bbp_forum_subforum_count":0,"site-sidebar-layout":"default","site-content-layout":"","ast-site-content-layout":"","site-content-style":"default","site-sidebar-style":"default","ast-global-header-display":"","ast-banner-title-visibility":"","ast-main-header-display":"","ast-hfb-above-header-display":"","ast-hfb-below-header-display":"","ast-hfb-mobile-header-display":"","site-post-title":"","ast-breadcrumbs-content":"","ast-featured-img":"","footer-sml-layout":"","theme-transparent-header-meta":"","adv-header-id-meta":"","stick-header-meta":"","header-above-stick-meta":"","header-main-stick-meta":"","header-below-stick-meta":"","astra-migrate-meta-layouts":"default","ast-page-background-enabled":"default","ast-page-background-meta":{"desktop":{"background-color":"var(--ast-global-color-4)","background-image":"","background-repeat":"repeat","background-position":"center center","background-size":"auto","background-attachment":"scroll","background-type":"","background-media":"","overlay-type":"","overlay-color":"","overlay-opacity":"","overlay-gradient":""},"tablet":{"background-color":"","background-image":"","background-repeat":"repeat","background-position":"center center","background-size":"auto","background-attachment":"scroll","background-type":"","background-media":"","overlay-type":"","overlay-color":"","overlay-opacity":"","overlay-gradient":""},"mobile":{"background-color":"","background-image":"","background-repeat":"repeat","background-position":"center center","background-size":"auto","background-attachment":"scroll","background-type":"","background-media":"","overlay-type":"","overlay-color":"","overlay-opacity":"","overlay-gradient":""}},"ast-content-background-meta":{"desktop":{"background-color":"var(--ast-global-color-5)","background-image":"","background-repeat":"repeat","background-position":"center center","background-size":"auto","background-attachment":"scroll","background-type":"","background-media":"","overlay-type":"","overlay-color":"","overlay-opacity":"","overlay-gradient":""},"tablet":{"background-color":"var(--ast-global-color-5)","background-image":"","background-repeat":"repeat","background-position":"center center","background-size":"auto","background-attachment":"scroll","background-type":"","background-media":"","overlay-type":"","overlay-color":"","overlay-opacity":"","overlay-gradient":""},"mobile":{"background-color":"var(--ast-global-color-5)","background-image":"","background-repeat":"repeat","background-position":"center center","background-size":"auto","background-attachment":"scroll","background-type":"","background-media":"","overlay-type":"","overlay-color":"","overlay-opacity":"","overlay-gradient":""}},"footnotes":""},"categories":[184],"tags":[352,397,395,344,396],"class_list":["post-11397","post","type-post","status-publish","format-standard","has-post-thumbnail","hentry","category-bonespractiquestac","tag-ambit-digital","tag-digital","tag-selfie","tag-tac","tag-tecnologia"],"post_mailing_queue_ids":[],"_links":{"self":[{"href":"https:\/\/agora.xtec.cat\/ceippaucasals\/wp-json\/wp\/v2\/posts\/11397","targetHints":{"allow":["GET"]}}],"collection":[{"href":"https:\/\/agora.xtec.cat\/ceippaucasals\/wp-json\/wp\/v2\/posts"}],"about":[{"href":"https:\/\/agora.xtec.cat\/ceippaucasals\/wp-json\/wp\/v2\/types\/post"}],"author":[{"embeddable":true,"href":"https:\/\/agora.xtec.cat\/ceippaucasals\/wp-json\/wp\/v2\/users\/1"}],"replies":[{"embeddable":true,"href":"https:\/\/agora.xtec.cat\/ceippaucasals\/wp-json\/wp\/v2\/comments?post=11397"}],"version-history":[{"count":2,"href":"https:\/\/agora.xtec.cat\/ceippaucasals\/wp-json\/wp\/v2\/posts\/11397\/revisions"}],"predecessor-version":[{"id":11400,"href":"https:\/\/agora.xtec.cat\/ceippaucasals\/wp-json\/wp\/v2\/posts\/11397\/revisions\/11400"}],"wp:featuredmedia":[{"embeddable":true,"href":"https:\/\/agora.xtec.cat\/ceippaucasals\/wp-json\/wp\/v2\/media\/11398"}],"wp:attachment":[{"href":"https:\/\/agora.xtec.cat\/ceippaucasals\/wp-json\/wp\/v2\/media?parent=11397"}],"wp:term":[{"taxonomy":"category","embeddable":true,"href":"https:\/\/agora.xtec.cat\/ceippaucasals\/wp-json\/wp\/v2\/categories?post=11397"},{"taxonomy":"post_tag","embeddable":true,"href":"https:\/\/agora.xtec.cat\/ceippaucasals\/wp-json\/wp\/v2\/tags?post=11397"}],"curies":[{"name":"wp","href":"https:\/\/api.w.org\/{rel}","templated":true}]}}