{"id":11257,"date":"2019-05-31T11:55:02","date_gmt":"2019-05-31T09:55:02","guid":{"rendered":"http:\/\/agora.xtec.cat\/ceippaucasals\/?p=11257"},"modified":"2021-10-14T23:23:46","modified_gmt":"2021-10-14T21:23:46","slug":"la-5a-cursa-de-la-campaneta","status":"publish","type":"post","link":"https:\/\/agora.xtec.cat\/ceippaucasals\/infantil\/la-5a-cursa-de-la-campaneta\/","title":{"rendered":"La 5a cursa de la Campaneta pel dissabte 8 de juny al Serrat"},"content":{"rendered":"<p>La Campaneta \u00e9s una cursa de muntanya que es realitza a Vacarisses, tot just en la Resid\u00e8ncia, en la zona del Serrat. Est\u00e0 organitzada per l&#8217;Ajuntament de Vacarisses, CoRReDoRs.CaT i VacarissesCorre.<\/p>\n<p>L&#8217;hora d&#8217;inici ser\u00e0 a les 18:00 de la tarda. Es podran fer inscripcions d&#8217;\u00faltima hora el mateix dissabte 8 de juny de les 17:00 a les 17:30.<\/p>\n<p>La Campaneta est\u00e0 dirigida a nens i nenes de 3 a 16 anys. Tot per gaudir de l&#8217;esport i de la muntanya!<\/p>\n<p>El preu de les inscripcions \u00e9s de 3\u20ac i aquestes inclouen:<\/p>\n<p>\u2013 Samarreta per a tots els participants.<\/p>\n<p>\u2013 Entrep\u00e0.<\/p>\n<p>\u2013 Begudes.<\/p>\n<p>\u2013 S\u00edndria.<\/p>\n<p>\u2013 Gelat.<\/p>\n<p><strong><a href=\"http:\/\/tpvcorredors.zentense.es\/webapp\/inscripcio?&amp;cur_id=137\"><u>Aquest \u00e9s el link d&#8217;inscripci\u00f3. Feu clic en aquesta frase per poder-vos apuntar.<\/u><\/a><\/strong><\/p>\n<p><a href=\"http:\/\/agora.xtec.cat\/ceippaucasals\/infantil\/la-5a-cursa-de-la-campaneta\/attachment\/samarretaa4-copia\/\" rel=\"attachment wp-att-11258\"><img loading=\"lazy\" decoding=\"async\" class=\"size-full wp-image-11258 alignleft\" src=\"https:\/\/agora.xtec.cat\/ceippaucasals\/wp-content\/uploads\/usu990\/2019\/05\/samarretaa4-copia.png\" alt=\"\" width=\"212\" height=\"300\" \/><\/a><br \/>\n<span style=\"text-decoration: underline\">Les categories de la Campaneta s\u00f3n les seg\u00fcents:<\/span><\/p>\n<p>GRANS (cadets): 2003 \u2013 2004 (1.600 metres).<\/p>\n<p>MITJANS (Infantils): 2005 \u2013 2006 (1.600 metres).<\/p>\n<p>CRESCUTS (alevins): 2007 \u2013 2008 (1.600 metres).<\/p>\n<p>PETITS (benjamins): 2009 \u2013 2010 (700 metres).<\/p>\n<p>MENUTS (pre-benjamins): 2011 \u2013 2012 (700 metres).<\/p>\n<p>MINIS (mainada): 2013 i posteriors (400 metres).<\/p>\n","protected":false},"excerpt":{"rendered":"<p>La Campaneta \u00e9s una cursa de muntanya que es realitza a Vacarisses, tot just en la Resid\u00e8ncia, en la zona del Serrat. Est\u00e0 organitzada per l&#8217;Ajuntament de Vacarisses, CoRReDoRs.CaT i VacarissesCorre. L&#8217;hora d&#8217;inici ser\u00e0 a les 18:00 de la tarda. Es podran fer inscripcions d&#8217;\u00faltima hora el mateix dissabte 8 de juny de les 17:00 [&hellip;]<\/p>\n","protected":false},"author":4,"featured_media":11258,"comment_status":"closed","ping_status":"closed","sticky":false,"template":"","format":"standard","meta":{"_bbp_topic_count":0,"_bbp_reply_count":0,"_bbp_total_topic_count":0,"_bbp_total_reply_count":0,"_bbp_voice_count":0,"_bbp_anonymous_reply_count":0,"_bbp_topic_count_hidden":0,"_bbp_reply_count_hidden":0,"_bbp_forum_subforum_count":0,"site-sidebar-layout":"default","site-content-layout":"","ast-site-content-layout":"","site-content-style":"default","site-sidebar-style":"default","ast-global-header-display":"","ast-banner-title-visibility":"","ast-main-header-display":"","ast-hfb-above-header-display":"","ast-hfb-below-header-display":"","ast-hfb-mobile-header-display":"","site-post-title":"","ast-breadcrumbs-content":"","ast-featured-img":"","footer-sml-layout":"","theme-transparent-header-meta":"","adv-header-id-meta":"","stick-header-meta":"","header-above-stick-meta":"","header-main-stick-meta":"","header-below-stick-meta":"","astra-migrate-meta-layouts":"default","ast-page-background-enabled":"default","ast-page-background-meta":{"desktop":{"background-color":"var(--ast-global-color-4)","background-image":"","background-repeat":"repeat","background-position":"center center","background-size":"auto","background-attachment":"scroll","background-type":"","background-media":"","overlay-type":"","overlay-color":"","overlay-opacity":"","overlay-gradient":""},"tablet":{"background-color":"","background-image":"","background-repeat":"repeat","background-position":"center center","background-size":"auto","background-attachment":"scroll","background-type":"","background-media":"","overlay-type":"","overlay-color":"","overlay-opacity":"","overlay-gradient":""},"mobile":{"background-color":"","background-image":"","background-repeat":"repeat","background-position":"center center","background-size":"auto","background-attachment":"scroll","background-type":"","background-media":"","overlay-type":"","overlay-color":"","overlay-opacity":"","overlay-gradient":""}},"ast-content-background-meta":{"desktop":{"background-color":"var(--ast-global-color-5)","background-image":"","background-repeat":"repeat","background-position":"center center","background-size":"auto","background-attachment":"scroll","background-type":"","background-media":"","overlay-type":"","overlay-color":"","overlay-opacity":"","overlay-gradient":""},"tablet":{"background-color":"var(--ast-global-color-5)","background-image":"","background-repeat":"repeat","background-position":"center center","background-size":"auto","background-attachment":"scroll","background-type":"","background-media":"","overlay-type":"","overlay-color":"","overlay-opacity":"","overlay-gradient":""},"mobile":{"background-color":"var(--ast-global-color-5)","background-image":"","background-repeat":"repeat","background-position":"center center","background-size":"auto","background-attachment":"scroll","background-type":"","background-media":"","overlay-type":"","overlay-color":"","overlay-opacity":"","overlay-gradient":""}},"footnotes":""},"categories":[10,11,12,13,14,15,40,2,3,8,9,5],"tags":[452,263,93,100,407,18,453],"class_list":["post-11257","post","type-post","status-publish","format-standard","has-post-thumbnail","hentry","category-1r","category-2n","category-3r","category-4t","category-5e","category-6e","category-ef","category-infantil","category-p3","category-p4","category-p5","category-primaria","tag-atletisme","tag-cros","tag-cursa","tag-educacio-fisica","tag-habits-saludables","tag-psicomotricitat","tag-salut"],"post_mailing_queue_ids":[],"_links":{"self":[{"href":"https:\/\/agora.xtec.cat\/ceippaucasals\/wp-json\/wp\/v2\/posts\/11257","targetHints":{"allow":["GET"]}}],"collection":[{"href":"https:\/\/agora.xtec.cat\/ceippaucasals\/wp-json\/wp\/v2\/posts"}],"about":[{"href":"https:\/\/agora.xtec.cat\/ceippaucasals\/wp-json\/wp\/v2\/types\/post"}],"author":[{"embeddable":true,"href":"https:\/\/agora.xtec.cat\/ceippaucasals\/wp-json\/wp\/v2\/users\/4"}],"replies":[{"embeddable":true,"href":"https:\/\/agora.xtec.cat\/ceippaucasals\/wp-json\/wp\/v2\/comments?post=11257"}],"version-history":[{"count":4,"href":"https:\/\/agora.xtec.cat\/ceippaucasals\/wp-json\/wp\/v2\/posts\/11257\/revisions"}],"predecessor-version":[{"id":11272,"href":"https:\/\/agora.xtec.cat\/ceippaucasals\/wp-json\/wp\/v2\/posts\/11257\/revisions\/11272"}],"wp:featuredmedia":[{"embeddable":true,"href":"https:\/\/agora.xtec.cat\/ceippaucasals\/wp-json\/wp\/v2\/media\/11258"}],"wp:attachment":[{"href":"https:\/\/agora.xtec.cat\/ceippaucasals\/wp-json\/wp\/v2\/media?parent=11257"}],"wp:term":[{"taxonomy":"category","embeddable":true,"href":"https:\/\/agora.xtec.cat\/ceippaucasals\/wp-json\/wp\/v2\/categories?post=11257"},{"taxonomy":"post_tag","embeddable":true,"href":"https:\/\/agora.xtec.cat\/ceippaucasals\/wp-json\/wp\/v2\/tags?post=11257"}],"curies":[{"name":"wp","href":"https:\/\/api.w.org\/{rel}","templated":true}]}}