{"id":11173,"date":"2019-05-08T14:14:56","date_gmt":"2019-05-08T12:14:56","guid":{"rendered":"http:\/\/agora.xtec.cat\/ceippaucasals\/?p=11173"},"modified":"2019-10-17T13:41:24","modified_gmt":"2019-10-17T11:41:24","slug":"ens-visita-lescriptora-susana-peix","status":"publish","type":"post","link":"https:\/\/agora.xtec.cat\/ceippaucasals\/primaria\/2n\/ens-visita-lescriptora-susana-peix\/","title":{"rendered":"Ens visita l&#8217;escriptora Susana Peix"},"content":{"rendered":"<p><a href=\"http:\/\/agora.xtec.cat\/ceippaucasals\/primaria\/2n\/ens-visita-lescriptora-susana-peix\/attachment\/imatge1-3\/\" rel=\"attachment wp-att-11472\"><img loading=\"lazy\" decoding=\"async\" class=\"aligncenter  wp-image-11472\" src=\"https:\/\/agora.xtec.cat\/ceippaucasals\/wp-content\/uploads\/usu990\/2019\/05\/Imatge1.png\" alt=\"\" width=\"179\" height=\"316\" srcset=\"https:\/\/agora.xtec.cat\/ceippaucasals\/wp-content\/uploads\/usu990\/2019\/05\/Imatge1.png 386w, https:\/\/agora.xtec.cat\/ceippaucasals\/wp-content\/uploads\/usu990\/2019\/05\/Imatge1-170x300.png 170w\" sizes=\"auto, (max-width: 179px) 100vw, 179px\" \/><\/a>Hem tingut el plaer de rebre a la nostra escola a l&#8217;escriptora Susana Peix. Ha vingut a parlar amb els nens i les nenes de segon sobre el seu llibre: &#8220;L&#8217;\u00e9sser sense veu&#8221;.<\/p>\n<p>El llibre ens va encantar i els l&#8217;alumnat de segon va poder con\u00e8ixer a la seva autora, quins motius la van portar a escriure aquest llibre quin s\u00f3n els secrets que amaga la seva publicaci\u00f3.<\/p>\n<p>Ha sigut una experi\u00e8ncia molt enriquidora per tothom, mestres i alumnes.<\/p>\n<p><a href=\"https:\/\/photos.app.goo.gl\/Auhfvt7Eppki1MdNA\">Podeu veure les imatges fent clic en aquesta frase.<\/a><\/p>\n<p>&nbsp;<\/p>\n","protected":false},"excerpt":{"rendered":"<p>Hem tingut el plaer de rebre a la nostra escola a l&#8217;escriptora Susana Peix. Ha vingut a parlar amb els nens i les nenes de segon sobre el seu llibre: &#8220;L&#8217;\u00e9sser sense veu&#8221;. El llibre ens va encantar i els l&#8217;alumnat de segon va poder con\u00e8ixer a la seva autora, quins motius la van portar [&hellip;]<\/p>\n","protected":false},"author":4,"featured_media":11472,"comment_status":"closed","ping_status":"closed","sticky":false,"template":"","format":"standard","meta":{"_bbp_topic_count":0,"_bbp_reply_count":0,"_bbp_total_topic_count":0,"_bbp_total_reply_count":0,"_bbp_voice_count":0,"_bbp_anonymous_reply_count":0,"_bbp_topic_count_hidden":0,"_bbp_reply_count_hidden":0,"_bbp_forum_subforum_count":0,"site-sidebar-layout":"default","site-content-layout":"","ast-site-content-layout":"","site-content-style":"default","site-sidebar-style":"default","ast-global-header-display":"","ast-banner-title-visibility":"","ast-main-header-display":"","ast-hfb-above-header-display":"","ast-hfb-below-header-display":"","ast-hfb-mobile-header-display":"","site-post-title":"","ast-breadcrumbs-content":"","ast-featured-img":"","footer-sml-layout":"","theme-transparent-header-meta":"","adv-header-id-meta":"","stick-header-meta":"","header-above-stick-meta":"","header-main-stick-meta":"","header-below-stick-meta":"","astra-migrate-meta-layouts":"default","ast-page-background-enabled":"default","ast-page-background-meta":{"desktop":{"background-color":"var(--ast-global-color-4)","background-image":"","background-repeat":"repeat","background-position":"center center","background-size":"auto","background-attachment":"scroll","background-type":"","background-media":"","overlay-type":"","overlay-color":"","overlay-opacity":"","overlay-gradient":""},"tablet":{"background-color":"","background-image":"","background-repeat":"repeat","background-position":"center center","background-size":"auto","background-attachment":"scroll","background-type":"","background-media":"","overlay-type":"","overlay-color":"","overlay-opacity":"","overlay-gradient":""},"mobile":{"background-color":"","background-image":"","background-repeat":"repeat","background-position":"center center","background-size":"auto","background-attachment":"scroll","background-type":"","background-media":"","overlay-type":"","overlay-color":"","overlay-opacity":"","overlay-gradient":""}},"ast-content-background-meta":{"desktop":{"background-color":"var(--ast-global-color-5)","background-image":"","background-repeat":"repeat","background-position":"center center","background-size":"auto","background-attachment":"scroll","background-type":"","background-media":"","overlay-type":"","overlay-color":"","overlay-opacity":"","overlay-gradient":""},"tablet":{"background-color":"var(--ast-global-color-5)","background-image":"","background-repeat":"repeat","background-position":"center center","background-size":"auto","background-attachment":"scroll","background-type":"","background-media":"","overlay-type":"","overlay-color":"","overlay-opacity":"","overlay-gradient":""},"mobile":{"background-color":"var(--ast-global-color-5)","background-image":"","background-repeat":"repeat","background-position":"center center","background-size":"auto","background-attachment":"scroll","background-type":"","background-media":"","overlay-type":"","overlay-color":"","overlay-opacity":"","overlay-gradient":""}},"footnotes":""},"categories":[11],"tags":[149,221],"class_list":["post-11173","post","type-post","status-publish","format-standard","has-post-thumbnail","hentry","category-2n","tag-lectura","tag-visita-autor"],"post_mailing_queue_ids":[],"_links":{"self":[{"href":"https:\/\/agora.xtec.cat\/ceippaucasals\/wp-json\/wp\/v2\/posts\/11173","targetHints":{"allow":["GET"]}}],"collection":[{"href":"https:\/\/agora.xtec.cat\/ceippaucasals\/wp-json\/wp\/v2\/posts"}],"about":[{"href":"https:\/\/agora.xtec.cat\/ceippaucasals\/wp-json\/wp\/v2\/types\/post"}],"author":[{"embeddable":true,"href":"https:\/\/agora.xtec.cat\/ceippaucasals\/wp-json\/wp\/v2\/users\/4"}],"replies":[{"embeddable":true,"href":"https:\/\/agora.xtec.cat\/ceippaucasals\/wp-json\/wp\/v2\/comments?post=11173"}],"version-history":[{"count":3,"href":"https:\/\/agora.xtec.cat\/ceippaucasals\/wp-json\/wp\/v2\/posts\/11173\/revisions"}],"predecessor-version":[{"id":11473,"href":"https:\/\/agora.xtec.cat\/ceippaucasals\/wp-json\/wp\/v2\/posts\/11173\/revisions\/11473"}],"wp:featuredmedia":[{"embeddable":true,"href":"https:\/\/agora.xtec.cat\/ceippaucasals\/wp-json\/wp\/v2\/media\/11472"}],"wp:attachment":[{"href":"https:\/\/agora.xtec.cat\/ceippaucasals\/wp-json\/wp\/v2\/media?parent=11173"}],"wp:term":[{"taxonomy":"category","embeddable":true,"href":"https:\/\/agora.xtec.cat\/ceippaucasals\/wp-json\/wp\/v2\/categories?post=11173"},{"taxonomy":"post_tag","embeddable":true,"href":"https:\/\/agora.xtec.cat\/ceippaucasals\/wp-json\/wp\/v2\/tags?post=11173"}],"curies":[{"name":"wp","href":"https:\/\/api.w.org\/{rel}","templated":true}]}}