{"id":11018,"date":"2019-03-26T12:46:07","date_gmt":"2019-03-26T11:46:07","guid":{"rendered":"http:\/\/agora.xtec.cat\/ceippaucasals\/?p=11018"},"modified":"2019-03-26T12:46:07","modified_gmt":"2019-03-26T11:46:07","slug":"el-porquet-que-volia-veure-el-mon-des-de-dalt","status":"publish","type":"post","link":"https:\/\/agora.xtec.cat\/ceippaucasals\/infantil\/el-porquet-que-volia-veure-el-mon-des-de-dalt\/","title":{"rendered":"EL PORQUET QUE VOLIA VEURE EL M\u00d3N DES DE DALT"},"content":{"rendered":"<p>AVUI HEM ANAT AL CASAL A VEURE EL TEATRE AMB OMBRES &#8220;EL PORQUET QUE VOLIA VEURE EL M\u00d3N DES DE DALT&#8221;, UNA BONICA HIST\u00d2RIA QUE ENS ENSENYA QUE VAL LA PENA LLUITAR PELS NOSTRES SOMNIS.<\/p>\n<p>AQUEST \u00c9S EL V\u00cdDEO DE PRESENTACI\u00d3 DEL TEATRE:<\/p>\n<div class=\"ast-oembed-container \" style=\"height: 100%;\"><iframe loading=\"lazy\" title=\"El Porquet que volia veure el M\u00f3n des de dalt - Trailer\" width=\"500\" height=\"281\" src=\"https:\/\/www.youtube.com\/embed\/a5PVegQavH8?feature=oembed\" frameborder=\"0\" allow=\"accelerometer; autoplay; clipboard-write; encrypted-media; gyroscope; picture-in-picture; web-share\" referrerpolicy=\"strict-origin-when-cross-origin\" allowfullscreen><\/iframe><\/div>\n<p>I AQU\u00cd TENIU ALGUNES FOTOS NOSTRES:<\/p>\n<p><a href=\"https:\/\/photos.app.goo.gl\/4s2mAw6YmmbskcxK9\"><img decoding=\"async\" src=\"https:\/\/lh3.googleusercontent.com\/lO0zUXeYH9CrrltS-iOgX0Rb3hJ8342s7zto_cI0yQGmyNtFN4RZm-qfA7Z6lLWj0DrtTMkYh41W65mpi9I5AKCx7Z4kL0sRl4XEIjmxChDGs74QskjCeyGR2ZHn9XRnfsFy-m4-mFV0we9M_zUuLivo3XsyN1yHsAvAKCvwJLpZ5ypZjW3ZzCl_znnViUQSs5TILgHTmg3ShQq0Q-_6RNhi-w8WEPt_ypQHGopp4ikYWLJlkqQH6P36lu3Jxn6-8iuCwOHMh0Qx0Z5DvVYQnINzzHfxyIu4YSx7cpBWUlPnmaPJ6rNXz49pwpSK2sGbZh6a3ezwODMAA513WIa9esX9vmxc-uUrMi_mB37kI53ycDJ7r-pDpDy6Wv-nqoBZnYz4LZHAsDum28wnszXPN6Aq6Y8clf-rF1MM7Vef2nWNQd0QT11A5JlDJPCWX4-VD8VdaewnwgNCs9468ba7i1jIbofMQ11xH4IkHdmJptMcGOAD7K1IxEk8BdY45z68k_XKZkngRIsqGgMaDD-8pWcTFUwFUZ2SCOIe18Ii4yhz5ZOou-WrUW_tF4fdW3f-FffzfFRCLv1_m5SG_mkPEmDFJdpcurpwK3AihWmlQbhJW4Ll2LeGtY8aH5BBDMrQMVh7N6XJMvFIHZeq9quUIGuZfF3kr76dXZOiVXdrPN882ppuWEY2tGwYCxPxqoH6FVK0TvIBFt_rCYC094cBnt6M=w1278-h718-no\" \/><\/a><\/p>\n","protected":false},"excerpt":{"rendered":"<p>AVUI HEM ANAT AL CASAL A VEURE EL TEATRE AMB OMBRES &#8220;EL PORQUET QUE VOLIA VEURE EL M\u00d3N DES DE DALT&#8221;, UNA BONICA HIST\u00d2RIA QUE ENS ENSENYA QUE VAL LA PENA LLUITAR PELS NOSTRES SOMNIS. AQUEST \u00c9S EL V\u00cdDEO DE PRESENTACI\u00d3 DEL TEATRE: I AQU\u00cd TENIU ALGUNES FOTOS NOSTRES:<\/p>\n","protected":false},"author":1,"featured_media":0,"comment_status":"open","ping_status":"closed","sticky":false,"template":"","format":"standard","meta":{"_bbp_topic_count":0,"_bbp_reply_count":0,"_bbp_total_topic_count":0,"_bbp_total_reply_count":0,"_bbp_voice_count":0,"_bbp_anonymous_reply_count":0,"_bbp_topic_count_hidden":0,"_bbp_reply_count_hidden":0,"_bbp_forum_subforum_count":0,"site-sidebar-layout":"default","site-content-layout":"","ast-site-content-layout":"","site-content-style":"default","site-sidebar-style":"default","ast-global-header-display":"","ast-banner-title-visibility":"","ast-main-header-display":"","ast-hfb-above-header-display":"","ast-hfb-below-header-display":"","ast-hfb-mobile-header-display":"","site-post-title":"","ast-breadcrumbs-content":"","ast-featured-img":"","footer-sml-layout":"","theme-transparent-header-meta":"","adv-header-id-meta":"","stick-header-meta":"","header-above-stick-meta":"","header-main-stick-meta":"","header-below-stick-meta":"","astra-migrate-meta-layouts":"default","ast-page-background-enabled":"default","ast-page-background-meta":{"desktop":{"background-color":"var(--ast-global-color-4)","background-image":"","background-repeat":"repeat","background-position":"center center","background-size":"auto","background-attachment":"scroll","background-type":"","background-media":"","overlay-type":"","overlay-color":"","overlay-opacity":"","overlay-gradient":""},"tablet":{"background-color":"","background-image":"","background-repeat":"repeat","background-position":"center center","background-size":"auto","background-attachment":"scroll","background-type":"","background-media":"","overlay-type":"","overlay-color":"","overlay-opacity":"","overlay-gradient":""},"mobile":{"background-color":"","background-image":"","background-repeat":"repeat","background-position":"center center","background-size":"auto","background-attachment":"scroll","background-type":"","background-media":"","overlay-type":"","overlay-color":"","overlay-opacity":"","overlay-gradient":""}},"ast-content-background-meta":{"desktop":{"background-color":"var(--ast-global-color-5)","background-image":"","background-repeat":"repeat","background-position":"center center","background-size":"auto","background-attachment":"scroll","background-type":"","background-media":"","overlay-type":"","overlay-color":"","overlay-opacity":"","overlay-gradient":""},"tablet":{"background-color":"var(--ast-global-color-5)","background-image":"","background-repeat":"repeat","background-position":"center center","background-size":"auto","background-attachment":"scroll","background-type":"","background-media":"","overlay-type":"","overlay-color":"","overlay-opacity":"","overlay-gradient":""},"mobile":{"background-color":"var(--ast-global-color-5)","background-image":"","background-repeat":"repeat","background-position":"center center","background-size":"auto","background-attachment":"scroll","background-type":"","background-media":"","overlay-type":"","overlay-color":"","overlay-opacity":"","overlay-gradient":""}},"footnotes":""},"categories":[2,3,8,9],"tags":[359],"class_list":["post-11018","post","type-post","status-publish","format-standard","hentry","category-infantil","category-p3","category-p4","category-p5","tag-curs-2018-19-el-porquet-que-veure-el-mon-des-de-dalt"],"post_mailing_queue_ids":[],"_links":{"self":[{"href":"https:\/\/agora.xtec.cat\/ceippaucasals\/wp-json\/wp\/v2\/posts\/11018","targetHints":{"allow":["GET"]}}],"collection":[{"href":"https:\/\/agora.xtec.cat\/ceippaucasals\/wp-json\/wp\/v2\/posts"}],"about":[{"href":"https:\/\/agora.xtec.cat\/ceippaucasals\/wp-json\/wp\/v2\/types\/post"}],"author":[{"embeddable":true,"href":"https:\/\/agora.xtec.cat\/ceippaucasals\/wp-json\/wp\/v2\/users\/1"}],"replies":[{"embeddable":true,"href":"https:\/\/agora.xtec.cat\/ceippaucasals\/wp-json\/wp\/v2\/comments?post=11018"}],"version-history":[{"count":1,"href":"https:\/\/agora.xtec.cat\/ceippaucasals\/wp-json\/wp\/v2\/posts\/11018\/revisions"}],"predecessor-version":[{"id":11019,"href":"https:\/\/agora.xtec.cat\/ceippaucasals\/wp-json\/wp\/v2\/posts\/11018\/revisions\/11019"}],"wp:attachment":[{"href":"https:\/\/agora.xtec.cat\/ceippaucasals\/wp-json\/wp\/v2\/media?parent=11018"}],"wp:term":[{"taxonomy":"category","embeddable":true,"href":"https:\/\/agora.xtec.cat\/ceippaucasals\/wp-json\/wp\/v2\/categories?post=11018"},{"taxonomy":"post_tag","embeddable":true,"href":"https:\/\/agora.xtec.cat\/ceippaucasals\/wp-json\/wp\/v2\/tags?post=11018"}],"curies":[{"name":"wp","href":"https:\/\/api.w.org\/{rel}","templated":true}]}}