{"id":10925,"date":"2019-03-06T15:08:38","date_gmt":"2019-03-06T14:08:38","guid":{"rendered":"http:\/\/agora.xtec.cat\/ceippaucasals\/?p=10925"},"modified":"2019-05-15T16:27:03","modified_gmt":"2019-05-15T14:27:03","slug":"carnaval-2019","status":"publish","type":"post","link":"https:\/\/agora.xtec.cat\/ceippaucasals\/infantil\/carnaval-2019\/","title":{"rendered":"Carnaval 2019"},"content":{"rendered":"<p><img loading=\"lazy\" decoding=\"async\" class=\"alignleft\" src=\"https:\/\/lh3.googleusercontent.com\/WeHTIJmfZGJBcEkqI9c--H_t9B2IRTuDTlA2IkUqcV38fBZRcRisCIMqPG7zo0xEkqnZGPvpu1XV0yVVxmfLgo_byzZXA7IifSr9OQoMRvQhVSIhphTCZ9NmIepApZF9uT-GH1igjogS7I-YtnhNNSJ6SzWDzq0EaRHHqdSUHn4mGzG0qEULzxqcjY681lyTQE8NuOAhZPTGrKOy9iACrh5dGSic8SvmAzngHsmhUtZAZcCZThB6xgV3i0jMOuIRNpYTe4iJnJsJQN9AedMNBY0ICB3a5HcVeKycafLTOOLP02PD90IkLh4Roo9gUbS2UzzPxHUuw29Lm80zBB39xEeLlvJFz-toe_oUYQ1dj2m7G7crdmonh49XEVoTf54pg797TclLsX3ZgxAPgCcSqahZKwsbyKDB6gQZNgNA_EoQ_1QwenETjZFQD6j0yOBXCwRVeAkz5a73a-FI4Ipk565m1CDM-twcUuJHypYDqWJRDNlINIR-_C4_y6U8dEg1EyOtBTkhkx6kPT7C389WDWkMqo1XsrkvIziNFhNL1W0dBgvSAesYEs2FfXNwHmkAdXWh_RrL2MLxfZZqDeyYRGa8ZSlx6X4XNKjpaw7PbCOjGAGA7a3H5pG8yqiK_ziPqE0xCBnY4GCstZvpQ6VYjZTjlNE7uVIMic7A_bYvqdu9UiCc63ath3wYgeKHIfOhntPBdEqFDUW7U5bVuPvOVWoq=w1316-h740-no\" alt=\"\" width=\"577\" height=\"324\" \/><\/p>\n<p style=\"text-align: left;\">Enguany la festa de Carnaval ha estat oberta a les fam\u00edlies. Amb la participaci\u00f3 de la Batucada (moltes gr\u00e0cies Marina!), els alumnes de l&#8217;escola van desfilar en rua fent un petit recorregut pel carrer guiats pel Rei Carnestoltes i la Xerinola. El temps espl\u00e8ndid, gaireb\u00e9 estiuenc, va acompanyar durant tota la tarda i en acabar, fam\u00edlies, alumnes i mestres van compartir el berenar i una estona de <em>ballaruca<\/em>. Agra\u00efm la participaci\u00f3 de les fam\u00edlies en la celebraci\u00f3 de la festa de Carnaval i ens acomiadem del Rei Carnestoltes fins l&#8217;any vinent.<\/p>\n<p style=\"text-align: left;\"><a href=\"https:\/\/photos.app.goo.gl\/YjMTig8LMdwSmst29\">Aqu\u00ed<\/a> hi ha les fotografies i algun v\u00eddeo de la festa.<\/p>\n<p style=\"text-align: center;\">\n","protected":false},"excerpt":{"rendered":"<p>Enguany la festa de Carnaval ha estat oberta a les fam\u00edlies. Amb la participaci\u00f3 de la Batucada (moltes gr\u00e0cies Marina!), els alumnes de l&#8217;escola van desfilar en rua fent un petit recorregut pel carrer guiats pel Rei Carnestoltes i la Xerinola. El temps espl\u00e8ndid, gaireb\u00e9 estiuenc, va acompanyar durant tota la tarda i en acabar, [&hellip;]<\/p>\n","protected":false},"author":1,"featured_media":0,"comment_status":"open","ping_status":"closed","sticky":false,"template":"","format":"standard","meta":{"_bbp_topic_count":0,"_bbp_reply_count":0,"_bbp_total_topic_count":0,"_bbp_total_reply_count":0,"_bbp_voice_count":0,"_bbp_anonymous_reply_count":0,"_bbp_topic_count_hidden":0,"_bbp_reply_count_hidden":0,"_bbp_forum_subforum_count":0,"site-sidebar-layout":"default","site-content-layout":"","ast-site-content-layout":"","site-content-style":"default","site-sidebar-style":"default","ast-global-header-display":"","ast-banner-title-visibility":"","ast-main-header-display":"","ast-hfb-above-header-display":"","ast-hfb-below-header-display":"","ast-hfb-mobile-header-display":"","site-post-title":"","ast-breadcrumbs-content":"","ast-featured-img":"","footer-sml-layout":"","theme-transparent-header-meta":"","adv-header-id-meta":"","stick-header-meta":"","header-above-stick-meta":"","header-main-stick-meta":"","header-below-stick-meta":"","astra-migrate-meta-layouts":"default","ast-page-background-enabled":"default","ast-page-background-meta":{"desktop":{"background-color":"var(--ast-global-color-4)","background-image":"","background-repeat":"repeat","background-position":"center center","background-size":"auto","background-attachment":"scroll","background-type":"","background-media":"","overlay-type":"","overlay-color":"","overlay-opacity":"","overlay-gradient":""},"tablet":{"background-color":"","background-image":"","background-repeat":"repeat","background-position":"center center","background-size":"auto","background-attachment":"scroll","background-type":"","background-media":"","overlay-type":"","overlay-color":"","overlay-opacity":"","overlay-gradient":""},"mobile":{"background-color":"","background-image":"","background-repeat":"repeat","background-position":"center center","background-size":"auto","background-attachment":"scroll","background-type":"","background-media":"","overlay-type":"","overlay-color":"","overlay-opacity":"","overlay-gradient":""}},"ast-content-background-meta":{"desktop":{"background-color":"var(--ast-global-color-5)","background-image":"","background-repeat":"repeat","background-position":"center center","background-size":"auto","background-attachment":"scroll","background-type":"","background-media":"","overlay-type":"","overlay-color":"","overlay-opacity":"","overlay-gradient":""},"tablet":{"background-color":"var(--ast-global-color-5)","background-image":"","background-repeat":"repeat","background-position":"center center","background-size":"auto","background-attachment":"scroll","background-type":"","background-media":"","overlay-type":"","overlay-color":"","overlay-opacity":"","overlay-gradient":""},"mobile":{"background-color":"var(--ast-global-color-5)","background-image":"","background-repeat":"repeat","background-position":"center center","background-size":"auto","background-attachment":"scroll","background-type":"","background-media":"","overlay-type":"","overlay-color":"","overlay-opacity":"","overlay-gradient":""}},"footnotes":""},"categories":[10,11,12,13,14,15,2,3,8,9,5],"tags":[],"class_list":["post-10925","post","type-post","status-publish","format-standard","hentry","category-1r","category-2n","category-3r","category-4t","category-5e","category-6e","category-infantil","category-p3","category-p4","category-p5","category-primaria"],"post_mailing_queue_ids":[],"_links":{"self":[{"href":"https:\/\/agora.xtec.cat\/ceippaucasals\/wp-json\/wp\/v2\/posts\/10925","targetHints":{"allow":["GET"]}}],"collection":[{"href":"https:\/\/agora.xtec.cat\/ceippaucasals\/wp-json\/wp\/v2\/posts"}],"about":[{"href":"https:\/\/agora.xtec.cat\/ceippaucasals\/wp-json\/wp\/v2\/types\/post"}],"author":[{"embeddable":true,"href":"https:\/\/agora.xtec.cat\/ceippaucasals\/wp-json\/wp\/v2\/users\/1"}],"replies":[{"embeddable":true,"href":"https:\/\/agora.xtec.cat\/ceippaucasals\/wp-json\/wp\/v2\/comments?post=10925"}],"version-history":[{"count":1,"href":"https:\/\/agora.xtec.cat\/ceippaucasals\/wp-json\/wp\/v2\/posts\/10925\/revisions"}],"predecessor-version":[{"id":10926,"href":"https:\/\/agora.xtec.cat\/ceippaucasals\/wp-json\/wp\/v2\/posts\/10925\/revisions\/10926"}],"wp:attachment":[{"href":"https:\/\/agora.xtec.cat\/ceippaucasals\/wp-json\/wp\/v2\/media?parent=10925"}],"wp:term":[{"taxonomy":"category","embeddable":true,"href":"https:\/\/agora.xtec.cat\/ceippaucasals\/wp-json\/wp\/v2\/categories?post=10925"},{"taxonomy":"post_tag","embeddable":true,"href":"https:\/\/agora.xtec.cat\/ceippaucasals\/wp-json\/wp\/v2\/tags?post=10925"}],"curies":[{"name":"wp","href":"https:\/\/api.w.org\/{rel}","templated":true}]}}