{"id":10518,"date":"2018-12-19T10:29:05","date_gmt":"2018-12-19T09:29:05","guid":{"rendered":"http:\/\/agora.xtec.cat\/ceippaucasals\/?p=10518"},"modified":"2019-01-12T00:53:55","modified_gmt":"2019-01-11T23:53:55","slug":"les-classes-de-primer-fan-sessions-de-psico-amb-estudiants-de-la-uab","status":"publish","type":"post","link":"https:\/\/agora.xtec.cat\/ceippaucasals\/primaria\/1r\/les-classes-de-primer-fan-sessions-de-psico-amb-estudiants-de-la-uab\/","title":{"rendered":"Les classes de Primer fan sessions de Psico amb estudiants de la UAB"},"content":{"rendered":"<p><a href=\"http:\/\/agora.xtec.cat\/ceippaucasals\/primaria\/1r\/les-classes-de-primer-fan-sessions-de-psico-amb-estudiants-de-la-uab\/attachment\/muntatge_1r_uab\/\" rel=\"attachment wp-att-10532\"><img loading=\"lazy\" decoding=\"async\" class=\"aligncenter size-full wp-image-10532\" src=\"https:\/\/agora.xtec.cat\/ceippaucasals\/wp-content\/uploads\/usu990\/2018\/12\/Muntatge_1r_UAB.jpg\" alt=\"\" width=\"1006\" height=\"384\" srcset=\"https:\/\/agora.xtec.cat\/ceippaucasals\/wp-content\/uploads\/usu990\/2018\/12\/Muntatge_1r_UAB.jpg 1006w, https:\/\/agora.xtec.cat\/ceippaucasals\/wp-content\/uploads\/usu990\/2018\/12\/Muntatge_1r_UAB-300x115.jpg 300w, https:\/\/agora.xtec.cat\/ceippaucasals\/wp-content\/uploads\/usu990\/2018\/12\/Muntatge_1r_UAB-768x293.jpg 768w\" sizes=\"auto, (max-width: 1006px) 100vw, 1006px\" \/><\/a>La classes de primer dels Tel\u00e8fons i les Llanternes han gaudit de dues sessions de Psicomotricitat. Cada sessi\u00f3 l&#8217;ha dut a terme un grup d&#8217;estudiants de la Universitat Aut\u00f2noma de Barcelona que estan estudiant el Grau d&#8217;Educaci\u00f3 Infantil.<\/p>\n<p>Aquestes classes de Psicomotricitat formen part de l&#8217;assignatura universit\u00e0ria: &#8220;Educaci\u00f3 Psicomotriu en els centres d&#8217;Educaci\u00f3 Infantil&#8221; on les estudiants trien entre un llistat d&#8217;escoles vinculades amb la UAB el centre d&#8217;un psicomotricista per fer les pr\u00e0ctiques de Psicomotricitat.<\/p>\n<p>El primer grup estava format per\u00a0<span style=\"font-weight: 400\">Gemma Aguilar,\u00a0Alba Arroyo,\u00a0Yolanda Feliu i\u00a0Pilar Villalba\u00a0<\/span><span style=\"font-family: inherit;font-size: 1em\">i van fer la sessi\u00f3 de Grafisme amb una re-interpretaci\u00f3 de &#8220;Frozen&#8221; a trav\u00e9s de &#8220;Les exploradores del gel&#8221;, mentre que el segon grup va treballar l&#8217;Espai i la Lateralitat a trav\u00e9s d&#8217;elements naturals amb &#8220;Els animals del bosc&#8221;.\u00a0<\/span><span style=\"font-family: inherit;font-size: 1em\">Aquest segon grup estava format per\u00a0<span style=\"font-weight: 400\">Maria Vidal,\u00a0Aina Forcada,\u00a0Ariadna I\u00f1iguez,\u00a0Jose L\u00f3pez i\u00a0<\/span><span style=\"font-weight: 400\">Laura Cuenca.<\/span><\/span><\/p>\n<p><span style=\"font-family: inherit;font-size: 1em\">Us deixem quatre enlla\u00e7os per poder veure totes les imatges quan cliqueu a sobre:<\/span><\/p>\n<ul>\n<li><a href=\"https:\/\/drive.google.com\/drive\/folders\/1wGkZv4pOu0gJk9PFB1Q5vJFMKAoTVhvD?usp=sharing\">Imatges capturades per les estudiants\u00a0durant la sessi\u00f3 de Grafisme &#8220;Les exploradores del gel&#8221;.<\/a><\/li>\n<\/ul>\n<p>&nbsp;<\/p>\n<ul>\n<li><a href=\"https:\/\/photos.app.goo.gl\/cqVmHcdzbvDFmNCm9\">Imatges capturades per la Sara durant la sessi\u00f3 de Grafisme\u00a0&#8220;Les exploradores del gel&#8221;.<\/a><\/li>\n<\/ul>\n<p>&nbsp;<\/p>\n<ul>\n<li><a href=\"https:\/\/photos.app.goo.gl\/iTa6FGVBQZxnDezS8\">Imatges capturades per les estudiants durant la sessi\u00f3 d&#8217;Espai i Lateralitat &#8220;Els animals del bosc&#8221;.<\/a><\/li>\n<\/ul>\n<p>&nbsp;<\/p>\n<ul>\n<li><a href=\"https:\/\/photos.app.goo.gl\/CzRk2joWQbGtUqmN9\">Imatges capturades pel Paco durant la sessi\u00f3 d&#8217;Espai i Lateralitat &#8220;Els animals del bosc&#8221;.<\/a><\/li>\n<\/ul>\n<p>&nbsp;<\/p>\n<p>Esperem que us agradin i les pugueu compartir amb els vostres nens i nenes.<\/p>\n","protected":false},"excerpt":{"rendered":"<p>La classes de primer dels Tel\u00e8fons i les Llanternes han gaudit de dues sessions de Psicomotricitat. Cada sessi\u00f3 l&#8217;ha dut a terme un grup d&#8217;estudiants de la Universitat Aut\u00f2noma de Barcelona que estan estudiant el Grau d&#8217;Educaci\u00f3 Infantil. Aquestes classes de Psicomotricitat formen part de l&#8217;assignatura universit\u00e0ria: &#8220;Educaci\u00f3 Psicomotriu en els centres d&#8217;Educaci\u00f3 Infantil&#8221; on [&hellip;]<\/p>\n","protected":false},"author":4,"featured_media":10532,"comment_status":"closed","ping_status":"closed","sticky":false,"template":"","format":"standard","meta":{"_bbp_topic_count":0,"_bbp_reply_count":0,"_bbp_total_topic_count":0,"_bbp_total_reply_count":0,"_bbp_voice_count":0,"_bbp_anonymous_reply_count":0,"_bbp_topic_count_hidden":0,"_bbp_reply_count_hidden":0,"_bbp_forum_subforum_count":0,"site-sidebar-layout":"default","site-content-layout":"","ast-site-content-layout":"","site-content-style":"default","site-sidebar-style":"default","ast-global-header-display":"","ast-banner-title-visibility":"","ast-main-header-display":"","ast-hfb-above-header-display":"","ast-hfb-below-header-display":"","ast-hfb-mobile-header-display":"","site-post-title":"","ast-breadcrumbs-content":"","ast-featured-img":"","footer-sml-layout":"","theme-transparent-header-meta":"","adv-header-id-meta":"","stick-header-meta":"","header-above-stick-meta":"","header-main-stick-meta":"","header-below-stick-meta":"","astra-migrate-meta-layouts":"default","ast-page-background-enabled":"default","ast-page-background-meta":{"desktop":{"background-color":"var(--ast-global-color-4)","background-image":"","background-repeat":"repeat","background-position":"center center","background-size":"auto","background-attachment":"scroll","background-type":"","background-media":"","overlay-type":"","overlay-color":"","overlay-opacity":"","overlay-gradient":""},"tablet":{"background-color":"","background-image":"","background-repeat":"repeat","background-position":"center center","background-size":"auto","background-attachment":"scroll","background-type":"","background-media":"","overlay-type":"","overlay-color":"","overlay-opacity":"","overlay-gradient":""},"mobile":{"background-color":"","background-image":"","background-repeat":"repeat","background-position":"center center","background-size":"auto","background-attachment":"scroll","background-type":"","background-media":"","overlay-type":"","overlay-color":"","overlay-opacity":"","overlay-gradient":""}},"ast-content-background-meta":{"desktop":{"background-color":"var(--ast-global-color-5)","background-image":"","background-repeat":"repeat","background-position":"center center","background-size":"auto","background-attachment":"scroll","background-type":"","background-media":"","overlay-type":"","overlay-color":"","overlay-opacity":"","overlay-gradient":""},"tablet":{"background-color":"var(--ast-global-color-5)","background-image":"","background-repeat":"repeat","background-position":"center center","background-size":"auto","background-attachment":"scroll","background-type":"","background-media":"","overlay-type":"","overlay-color":"","overlay-opacity":"","overlay-gradient":""},"mobile":{"background-color":"var(--ast-global-color-5)","background-image":"","background-repeat":"repeat","background-position":"center center","background-size":"auto","background-attachment":"scroll","background-type":"","background-media":"","overlay-type":"","overlay-color":"","overlay-opacity":"","overlay-gradient":""}},"footnotes":""},"categories":[10,40],"tags":[22,176,197,18],"class_list":["post-10518","post","type-post","status-publish","format-standard","has-post-thumbnail","hentry","category-1r","category-ef","tag-1r","tag-alumnes-en-practiques","tag-cicle-in","tag-psicomotricitat"],"post_mailing_queue_ids":[],"_links":{"self":[{"href":"https:\/\/agora.xtec.cat\/ceippaucasals\/wp-json\/wp\/v2\/posts\/10518","targetHints":{"allow":["GET"]}}],"collection":[{"href":"https:\/\/agora.xtec.cat\/ceippaucasals\/wp-json\/wp\/v2\/posts"}],"about":[{"href":"https:\/\/agora.xtec.cat\/ceippaucasals\/wp-json\/wp\/v2\/types\/post"}],"author":[{"embeddable":true,"href":"https:\/\/agora.xtec.cat\/ceippaucasals\/wp-json\/wp\/v2\/users\/4"}],"replies":[{"embeddable":true,"href":"https:\/\/agora.xtec.cat\/ceippaucasals\/wp-json\/wp\/v2\/comments?post=10518"}],"version-history":[{"count":3,"href":"https:\/\/agora.xtec.cat\/ceippaucasals\/wp-json\/wp\/v2\/posts\/10518\/revisions"}],"predecessor-version":[{"id":10606,"href":"https:\/\/agora.xtec.cat\/ceippaucasals\/wp-json\/wp\/v2\/posts\/10518\/revisions\/10606"}],"wp:featuredmedia":[{"embeddable":true,"href":"https:\/\/agora.xtec.cat\/ceippaucasals\/wp-json\/wp\/v2\/media\/10532"}],"wp:attachment":[{"href":"https:\/\/agora.xtec.cat\/ceippaucasals\/wp-json\/wp\/v2\/media?parent=10518"}],"wp:term":[{"taxonomy":"category","embeddable":true,"href":"https:\/\/agora.xtec.cat\/ceippaucasals\/wp-json\/wp\/v2\/categories?post=10518"},{"taxonomy":"post_tag","embeddable":true,"href":"https:\/\/agora.xtec.cat\/ceippaucasals\/wp-json\/wp\/v2\/tags?post=10518"}],"curies":[{"name":"wp","href":"https:\/\/api.w.org\/{rel}","templated":true}]}}