{"id":10392,"date":"2018-11-19T10:19:03","date_gmt":"2018-11-19T09:19:03","guid":{"rendered":"http:\/\/agora.xtec.cat\/ceippaucasals\/?p=10392"},"modified":"2019-05-15T16:29:07","modified_gmt":"2019-05-15T14:29:07","slug":"primera-pintada-de-patis","status":"publish","type":"post","link":"https:\/\/agora.xtec.cat\/ceippaucasals\/general\/primera-pintada-de-patis\/","title":{"rendered":"Primera Pintada de Patis"},"content":{"rendered":"<p><a href=\"https:\/\/agora.xtec.cat\/ceippaucasals\/wp-content\/uploads\/usu990\/2018\/11\/IMG-20181110-WA0022.jpg\"><img loading=\"lazy\" decoding=\"async\" class=\"alignnone wp-image-10398\" src=\"https:\/\/agora.xtec.cat\/ceippaucasals\/wp-content\/uploads\/usu990\/2018\/11\/IMG-20181110-WA0022-1024x768.jpg\" alt=\"\" width=\"394\" height=\"296\" srcset=\"https:\/\/agora.xtec.cat\/ceippaucasals\/wp-content\/uploads\/usu990\/2018\/11\/IMG-20181110-WA0022-1024x768.jpg 1024w, https:\/\/agora.xtec.cat\/ceippaucasals\/wp-content\/uploads\/usu990\/2018\/11\/IMG-20181110-WA0022-300x225.jpg 300w, https:\/\/agora.xtec.cat\/ceippaucasals\/wp-content\/uploads\/usu990\/2018\/11\/IMG-20181110-WA0022-768x576.jpg 768w, https:\/\/agora.xtec.cat\/ceippaucasals\/wp-content\/uploads\/usu990\/2018\/11\/IMG-20181110-WA0022-200x150.jpg 200w, https:\/\/agora.xtec.cat\/ceippaucasals\/wp-content\/uploads\/usu990\/2018\/11\/IMG-20181110-WA0022.jpg 1600w\" sizes=\"auto, (max-width: 394px) 100vw, 394px\" \/><\/a><\/p>\n<p><a href=\"https:\/\/photos.app.goo.gl\/MtQNUhV9PjUDYgy28\" target=\"_blank\" rel=\"noopener noreferrer\">Clica per veure les fotos<\/a><\/p>\n<p>Com ja sabeu, el passat dissabte dia 10 de novembre, v\u00e0rem portar a terme la primera pintada de patis amb col\u00b7laboraci\u00f3 de l&#8217;AMPA de l&#8217;escola. V\u00e0rem gaudir d&#8217;un bon dia de sol i pint\u00e0rem quatre jocs al terra del pati de prim\u00e0ria. Per refer-nos l&#8217;AMPA de l&#8217;escola ens va convidar a un bon esmorzar. Agrair especialment a totes les fam\u00edlies i mestres de l&#8217;escola que v\u00e0reu poder assistir. Aqu\u00ed us deixem un petit recull d&#8217;imatges. De cara al bon temps tenim previst fer-ne una altra.<\/p>\n","protected":false},"excerpt":{"rendered":"<p>Clica per veure les fotos Com ja sabeu, el passat dissabte dia 10 de novembre, v\u00e0rem portar a terme la primera pintada de patis amb col\u00b7laboraci\u00f3 de l&#8217;AMPA de l&#8217;escola. V\u00e0rem gaudir d&#8217;un bon dia de sol i pint\u00e0rem quatre jocs al terra del pati de prim\u00e0ria. Per refer-nos l&#8217;AMPA de l&#8217;escola ens va convidar [&hellip;]<\/p>\n","protected":false},"author":19,"featured_media":10394,"comment_status":"open","ping_status":"closed","sticky":false,"template":"","format":"standard","meta":{"_bbp_topic_count":0,"_bbp_reply_count":0,"_bbp_total_topic_count":0,"_bbp_total_reply_count":0,"_bbp_voice_count":0,"_bbp_anonymous_reply_count":0,"_bbp_topic_count_hidden":0,"_bbp_reply_count_hidden":0,"_bbp_forum_subforum_count":0,"site-sidebar-layout":"default","site-content-layout":"","ast-site-content-layout":"","site-content-style":"default","site-sidebar-style":"default","ast-global-header-display":"","ast-banner-title-visibility":"","ast-main-header-display":"","ast-hfb-above-header-display":"","ast-hfb-below-header-display":"","ast-hfb-mobile-header-display":"","site-post-title":"","ast-breadcrumbs-content":"","ast-featured-img":"","footer-sml-layout":"","theme-transparent-header-meta":"","adv-header-id-meta":"","stick-header-meta":"","header-above-stick-meta":"","header-main-stick-meta":"","header-below-stick-meta":"","astra-migrate-meta-layouts":"default","ast-page-background-enabled":"default","ast-page-background-meta":{"desktop":{"background-color":"var(--ast-global-color-4)","background-image":"","background-repeat":"repeat","background-position":"center center","background-size":"auto","background-attachment":"scroll","background-type":"","background-media":"","overlay-type":"","overlay-color":"","overlay-opacity":"","overlay-gradient":""},"tablet":{"background-color":"","background-image":"","background-repeat":"repeat","background-position":"center center","background-size":"auto","background-attachment":"scroll","background-type":"","background-media":"","overlay-type":"","overlay-color":"","overlay-opacity":"","overlay-gradient":""},"mobile":{"background-color":"","background-image":"","background-repeat":"repeat","background-position":"center center","background-size":"auto","background-attachment":"scroll","background-type":"","background-media":"","overlay-type":"","overlay-color":"","overlay-opacity":"","overlay-gradient":""}},"ast-content-background-meta":{"desktop":{"background-color":"var(--ast-global-color-5)","background-image":"","background-repeat":"repeat","background-position":"center center","background-size":"auto","background-attachment":"scroll","background-type":"","background-media":"","overlay-type":"","overlay-color":"","overlay-opacity":"","overlay-gradient":""},"tablet":{"background-color":"var(--ast-global-color-5)","background-image":"","background-repeat":"repeat","background-position":"center center","background-size":"auto","background-attachment":"scroll","background-type":"","background-media":"","overlay-type":"","overlay-color":"","overlay-opacity":"","overlay-gradient":""},"mobile":{"background-color":"var(--ast-global-color-5)","background-image":"","background-repeat":"repeat","background-position":"center center","background-size":"auto","background-attachment":"scroll","background-type":"","background-media":"","overlay-type":"","overlay-color":"","overlay-opacity":"","overlay-gradient":""}},"footnotes":""},"categories":[115,1],"tags":[95,101,303],"class_list":["post-10392","post","type-post","status-publish","format-standard","has-post-thumbnail","hentry","category-familia","category-general","tag-escola","tag-families","tag-pintada-de-patis"],"post_mailing_queue_ids":[],"_links":{"self":[{"href":"https:\/\/agora.xtec.cat\/ceippaucasals\/wp-json\/wp\/v2\/posts\/10392","targetHints":{"allow":["GET"]}}],"collection":[{"href":"https:\/\/agora.xtec.cat\/ceippaucasals\/wp-json\/wp\/v2\/posts"}],"about":[{"href":"https:\/\/agora.xtec.cat\/ceippaucasals\/wp-json\/wp\/v2\/types\/post"}],"author":[{"embeddable":true,"href":"https:\/\/agora.xtec.cat\/ceippaucasals\/wp-json\/wp\/v2\/users\/19"}],"replies":[{"embeddable":true,"href":"https:\/\/agora.xtec.cat\/ceippaucasals\/wp-json\/wp\/v2\/comments?post=10392"}],"version-history":[{"count":3,"href":"https:\/\/agora.xtec.cat\/ceippaucasals\/wp-json\/wp\/v2\/posts\/10392\/revisions"}],"predecessor-version":[{"id":11219,"href":"https:\/\/agora.xtec.cat\/ceippaucasals\/wp-json\/wp\/v2\/posts\/10392\/revisions\/11219"}],"wp:featuredmedia":[{"embeddable":true,"href":"https:\/\/agora.xtec.cat\/ceippaucasals\/wp-json\/wp\/v2\/media\/10394"}],"wp:attachment":[{"href":"https:\/\/agora.xtec.cat\/ceippaucasals\/wp-json\/wp\/v2\/media?parent=10392"}],"wp:term":[{"taxonomy":"category","embeddable":true,"href":"https:\/\/agora.xtec.cat\/ceippaucasals\/wp-json\/wp\/v2\/categories?post=10392"},{"taxonomy":"post_tag","embeddable":true,"href":"https:\/\/agora.xtec.cat\/ceippaucasals\/wp-json\/wp\/v2\/tags?post=10392"}],"curies":[{"name":"wp","href":"https:\/\/api.w.org\/{rel}","templated":true}]}}