{"id":10317,"date":"2018-12-14T12:37:44","date_gmt":"2018-12-14T11:37:44","guid":{"rendered":"http:\/\/agora.xtec.cat\/ceippaucasals\/?p=10317"},"modified":"2019-01-12T00:54:31","modified_gmt":"2019-01-11T23:54:31","slug":"grups-dalumnes-de-luab-ens-preparen-classes-de-psicomotricitat","status":"publish","type":"post","link":"https:\/\/agora.xtec.cat\/ceippaucasals\/infantil\/p4\/grups-dalumnes-de-luab-ens-preparen-classes-de-psicomotricitat\/","title":{"rendered":"Grups d&#8217;alumnes de l&#8217;UAB ens preparen classes de Psicomotricitat"},"content":{"rendered":"<p>En aquest curs 2018 &#8211; 2019 seguim acollint grups d&#8217;alumnes del Grau d&#8217;Educaci\u00f3 Infantil de la Universitat Aut\u00f2noma de Barcelona per fer classes de Psicomotricitat als nostres nens i nenes.<\/p>\n<p>Us recordem que, en tot moment, s\u00f3n elles les que trien en quina escola i en quin grup volen fer la seva sessi\u00f3 de Psicomotricitat.<\/p>\n<p>Les sessions van ser les seg\u00fcents:<\/p>\n<ul>\n<li>23 de novembre del 2018. Sessi\u00f3 de Moviment al grup de P4 B. El grup d&#8217;estudiants s\u00f3n la Alba Fern\u00e0ndez, la Judith Gustems, la Lidia Robles, la Andrea Queralt i la Alba Guti\u00e9rrez.<\/li>\n<\/ul>\n<p><a href=\"http:\/\/agora.xtec.cat\/ceippaucasals\/infantil\/p4\/grups-dalumnes-de-luab-ens-preparen-classes-de-psicomotricitat\/attachment\/img_9082\/\" rel=\"attachment wp-att-10383\"><img loading=\"lazy\" decoding=\"async\" class=\"aligncenter wp-image-10383\" src=\"https:\/\/agora.xtec.cat\/ceippaucasals\/wp-content\/uploads\/usu990\/2018\/11\/IMG_9082-1024x768.jpg\" alt=\"\" width=\"401\" height=\"301\" srcset=\"https:\/\/agora.xtec.cat\/ceippaucasals\/wp-content\/uploads\/usu990\/2018\/11\/IMG_9082-1024x768.jpg 1024w, https:\/\/agora.xtec.cat\/ceippaucasals\/wp-content\/uploads\/usu990\/2018\/11\/IMG_9082-300x225.jpg 300w, https:\/\/agora.xtec.cat\/ceippaucasals\/wp-content\/uploads\/usu990\/2018\/11\/IMG_9082-768x576.jpg 768w, https:\/\/agora.xtec.cat\/ceippaucasals\/wp-content\/uploads\/usu990\/2018\/11\/IMG_9082-200x150.jpg 200w\" sizes=\"auto, (max-width: 401px) 100vw, 401px\" \/><\/a><\/p>\n<p>&nbsp;<\/p>\n<ul>\n<li>28 de novembre del 2018. Sessi\u00f3 d&#8217;Espai i Lateralitat al grup de P4 B. El grup d&#8217;estudiants s\u00f3n la Laura Contreras, Anna Garcia, M\u00f2nica Jan\u00e9, Mireia P\u00e9rez, Marta Vilaseca i Anna Maria Gili.<\/li>\n<\/ul>\n<p><a href=\"http:\/\/agora.xtec.cat\/ceippaucasals\/infantil\/p4\/grups-dalumnes-de-luab-ens-preparen-classes-de-psicomotricitat\/attachment\/image1\/\" rel=\"attachment wp-att-10384\"><img loading=\"lazy\" decoding=\"async\" class=\"aligncenter wp-image-10384\" src=\"https:\/\/agora.xtec.cat\/ceippaucasals\/wp-content\/uploads\/usu990\/2018\/11\/image1-1024x768.jpeg\" alt=\"\" width=\"381\" height=\"286\" srcset=\"https:\/\/agora.xtec.cat\/ceippaucasals\/wp-content\/uploads\/usu990\/2018\/11\/image1-1024x768.jpeg 1024w, https:\/\/agora.xtec.cat\/ceippaucasals\/wp-content\/uploads\/usu990\/2018\/11\/image1-300x225.jpeg 300w, https:\/\/agora.xtec.cat\/ceippaucasals\/wp-content\/uploads\/usu990\/2018\/11\/image1-768x576.jpeg 768w, https:\/\/agora.xtec.cat\/ceippaucasals\/wp-content\/uploads\/usu990\/2018\/11\/image1-200x150.jpeg 200w, https:\/\/agora.xtec.cat\/ceippaucasals\/wp-content\/uploads\/usu990\/2018\/11\/image1.jpeg 2000w\" sizes=\"auto, (max-width: 381px) 100vw, 381px\" \/><\/a><\/p>\n<p>&nbsp;<\/p>\n<p>&nbsp;<\/p>\n<ul>\n<li>3 de desembre del 2018. Sessi\u00f3 d&#8217;Espai i Lateralitat al grup de 1r B.\u00a0El grup d&#8217;estudiants s\u00f3n l&#8217;Aina Forcada, la Maria Vidal, l&#8217;Ariadna I\u00f1iguez, el Jose L\u00f3pez i la Laura Cuenca.<a href=\"http:\/\/agora.xtec.cat\/ceippaucasals\/infantil\/p4\/grups-dalumnes-de-luab-ens-preparen-classes-de-psicomotricitat\/attachment\/img_20181115_112942_419\/\" rel=\"attachment wp-att-10406\"><img loading=\"lazy\" decoding=\"async\" class=\"aligncenter wp-image-10406\" src=\"https:\/\/agora.xtec.cat\/ceippaucasals\/wp-content\/uploads\/usu990\/2018\/11\/IMG_20181115_112942_419-1024x766.jpg\" alt=\"\" width=\"382\" height=\"286\" srcset=\"https:\/\/agora.xtec.cat\/ceippaucasals\/wp-content\/uploads\/usu990\/2018\/11\/IMG_20181115_112942_419-1024x766.jpg 1024w, https:\/\/agora.xtec.cat\/ceippaucasals\/wp-content\/uploads\/usu990\/2018\/11\/IMG_20181115_112942_419-300x224.jpg 300w, https:\/\/agora.xtec.cat\/ceippaucasals\/wp-content\/uploads\/usu990\/2018\/11\/IMG_20181115_112942_419-768x574.jpg 768w, https:\/\/agora.xtec.cat\/ceippaucasals\/wp-content\/uploads\/usu990\/2018\/11\/IMG_20181115_112942_419-200x150.jpg 200w, https:\/\/agora.xtec.cat\/ceippaucasals\/wp-content\/uploads\/usu990\/2018\/11\/IMG_20181115_112942_419.jpg 2000w\" sizes=\"auto, (max-width: 382px) 100vw, 382px\" \/><\/a><\/li>\n<\/ul>\n<p>&nbsp;<\/p>\n<ul>\n<li>El 5 de desembre del 2018. Sessi\u00f3 de Grafisme al grup de P4 A. El grup d&#8217;estudiants s\u00f3n la Gisela Farr\u00fas, Raquel Ferrer, Judith Nebrera, Sara P\u00e9rez, Susana Ram\u00edrez i Judit Rueda.<\/li>\n<\/ul>\n<p><a href=\"http:\/\/agora.xtec.cat\/ceippaucasals\/infantil\/p4\/grups-dalumnes-de-luab-ens-preparen-classes-de-psicomotricitat\/attachment\/kodak-digital-still-camera\/\" rel=\"attachment wp-att-10535\"><img loading=\"lazy\" decoding=\"async\" class=\"size-full wp-image-10535 aligncenter\" src=\"https:\/\/agora.xtec.cat\/ceippaucasals\/wp-content\/uploads\/usu990\/2018\/12\/Grup_Grafi.jpg\" alt=\"\" width=\"415\" height=\"312\" srcset=\"https:\/\/agora.xtec.cat\/ceippaucasals\/wp-content\/uploads\/usu990\/2018\/12\/Grup_Grafi.jpg 415w, https:\/\/agora.xtec.cat\/ceippaucasals\/wp-content\/uploads\/usu990\/2018\/12\/Grup_Grafi-300x226.jpg 300w, https:\/\/agora.xtec.cat\/ceippaucasals\/wp-content\/uploads\/usu990\/2018\/12\/Grup_Grafi-200x150.jpg 200w\" sizes=\"auto, (max-width: 415px) 100vw, 415px\" \/><\/a><\/p>\n<p>&nbsp;<\/p>\n<ul>\n<li>El 5 de novembre del 2018. Sessi\u00f3 de Grafisme al grup de 1r A. El grup d&#8217;estudiants s\u00f3n la Gemma Aguilar, Alba Arroyo, Yolanda Feliu i Pilar Villalba.<\/li>\n<\/ul>\n<p><a href=\"http:\/\/agora.xtec.cat\/ceippaucasals\/infantil\/p4\/grups-dalumnes-de-luab-ens-preparen-classes-de-psicomotricitat\/attachment\/grup_gel\/\" rel=\"attachment wp-att-10534\"><img loading=\"lazy\" decoding=\"async\" class=\"aligncenter wp-image-10534\" src=\"https:\/\/agora.xtec.cat\/ceippaucasals\/wp-content\/uploads\/usu990\/2018\/12\/grup_gel.jpg\" alt=\"\" width=\"372\" height=\"314\" \/><\/a><\/p>\n<p>&nbsp;<\/p>\n<ul>\n<li>El 14 de desembre. Sessi\u00f3 d&#8217;Espai i Lateralitat al grup de P4 A. El grup d&#8217;estudiants s\u00f3n la Paula Jim\u00e9nez, Mar\u00eda D\u00edaz, Ver\u00f3nica G\u00e0lvez, Daniel Ortega i Lorena L\u00f3pez.<\/li>\n<\/ul>\n<p><a href=\"http:\/\/agora.xtec.cat\/ceippaucasals\/infantil\/p4\/grups-dalumnes-de-luab-ens-preparen-classes-de-psicomotricitat\/attachment\/img1544774512753_00005_burst1544774512753\/\" rel=\"attachment wp-att-10570\"><img loading=\"lazy\" decoding=\"async\" class=\"aligncenter wp-image-10570\" src=\"https:\/\/agora.xtec.cat\/ceippaucasals\/wp-content\/uploads\/usu990\/2018\/12\/IMG1544774512753_00005_BURST1544774512753.jpg\" alt=\"\" width=\"399\" height=\"299\" srcset=\"https:\/\/agora.xtec.cat\/ceippaucasals\/wp-content\/uploads\/usu990\/2018\/12\/IMG1544774512753_00005_BURST1544774512753.jpg 461w, https:\/\/agora.xtec.cat\/ceippaucasals\/wp-content\/uploads\/usu990\/2018\/12\/IMG1544774512753_00005_BURST1544774512753-300x225.jpg 300w, https:\/\/agora.xtec.cat\/ceippaucasals\/wp-content\/uploads\/usu990\/2018\/12\/IMG1544774512753_00005_BURST1544774512753-200x150.jpg 200w\" sizes=\"auto, (max-width: 399px) 100vw, 399px\" \/><\/a><\/p>\n","protected":false},"excerpt":{"rendered":"<p>En aquest curs 2018 &#8211; 2019 seguim acollint grups d&#8217;alumnes del Grau d&#8217;Educaci\u00f3 Infantil de la Universitat Aut\u00f2noma de Barcelona per fer classes de Psicomotricitat als nostres nens i nenes. Us recordem que, en tot moment, s\u00f3n elles les que trien en quina escola i en quin grup volen fer la seva sessi\u00f3 de Psicomotricitat. [&hellip;]<\/p>\n","protected":false},"author":4,"featured_media":10535,"comment_status":"closed","ping_status":"closed","sticky":false,"template":"","format":"standard","meta":{"_bbp_topic_count":0,"_bbp_reply_count":0,"_bbp_total_topic_count":0,"_bbp_total_reply_count":0,"_bbp_voice_count":0,"_bbp_anonymous_reply_count":0,"_bbp_topic_count_hidden":0,"_bbp_reply_count_hidden":0,"_bbp_forum_subforum_count":0,"site-sidebar-layout":"default","site-content-layout":"","ast-site-content-layout":"","site-content-style":"default","site-sidebar-style":"default","ast-global-header-display":"","ast-banner-title-visibility":"","ast-main-header-display":"","ast-hfb-above-header-display":"","ast-hfb-below-header-display":"","ast-hfb-mobile-header-display":"","site-post-title":"","ast-breadcrumbs-content":"","ast-featured-img":"","footer-sml-layout":"","theme-transparent-header-meta":"","adv-header-id-meta":"","stick-header-meta":"","header-above-stick-meta":"","header-main-stick-meta":"","header-below-stick-meta":"","astra-migrate-meta-layouts":"default","ast-page-background-enabled":"default","ast-page-background-meta":{"desktop":{"background-color":"var(--ast-global-color-4)","background-image":"","background-repeat":"repeat","background-position":"center center","background-size":"auto","background-attachment":"scroll","background-type":"","background-media":"","overlay-type":"","overlay-color":"","overlay-opacity":"","overlay-gradient":""},"tablet":{"background-color":"","background-image":"","background-repeat":"repeat","background-position":"center center","background-size":"auto","background-attachment":"scroll","background-type":"","background-media":"","overlay-type":"","overlay-color":"","overlay-opacity":"","overlay-gradient":""},"mobile":{"background-color":"","background-image":"","background-repeat":"repeat","background-position":"center center","background-size":"auto","background-attachment":"scroll","background-type":"","background-media":"","overlay-type":"","overlay-color":"","overlay-opacity":"","overlay-gradient":""}},"ast-content-background-meta":{"desktop":{"background-color":"var(--ast-global-color-5)","background-image":"","background-repeat":"repeat","background-position":"center center","background-size":"auto","background-attachment":"scroll","background-type":"","background-media":"","overlay-type":"","overlay-color":"","overlay-opacity":"","overlay-gradient":""},"tablet":{"background-color":"var(--ast-global-color-5)","background-image":"","background-repeat":"repeat","background-position":"center center","background-size":"auto","background-attachment":"scroll","background-type":"","background-media":"","overlay-type":"","overlay-color":"","overlay-opacity":"","overlay-gradient":""},"mobile":{"background-color":"var(--ast-global-color-5)","background-image":"","background-repeat":"repeat","background-position":"center center","background-size":"auto","background-attachment":"scroll","background-type":"","background-media":"","overlay-type":"","overlay-color":"","overlay-opacity":"","overlay-gradient":""}},"footnotes":""},"categories":[10,40,8],"tags":[22,176,197,100,104,29,18],"class_list":["post-10317","post","type-post","status-publish","format-standard","has-post-thumbnail","hentry","category-1r","category-ef","category-p4","tag-1r","tag-alumnes-en-practiques","tag-cicle-in","tag-educacio-fisica","tag-infantil","tag-p4","tag-psicomotricitat"],"post_mailing_queue_ids":[],"_links":{"self":[{"href":"https:\/\/agora.xtec.cat\/ceippaucasals\/wp-json\/wp\/v2\/posts\/10317","targetHints":{"allow":["GET"]}}],"collection":[{"href":"https:\/\/agora.xtec.cat\/ceippaucasals\/wp-json\/wp\/v2\/posts"}],"about":[{"href":"https:\/\/agora.xtec.cat\/ceippaucasals\/wp-json\/wp\/v2\/types\/post"}],"author":[{"embeddable":true,"href":"https:\/\/agora.xtec.cat\/ceippaucasals\/wp-json\/wp\/v2\/users\/4"}],"replies":[{"embeddable":true,"href":"https:\/\/agora.xtec.cat\/ceippaucasals\/wp-json\/wp\/v2\/comments?post=10317"}],"version-history":[{"count":3,"href":"https:\/\/agora.xtec.cat\/ceippaucasals\/wp-json\/wp\/v2\/posts\/10317\/revisions"}],"predecessor-version":[{"id":10573,"href":"https:\/\/agora.xtec.cat\/ceippaucasals\/wp-json\/wp\/v2\/posts\/10317\/revisions\/10573"}],"wp:featuredmedia":[{"embeddable":true,"href":"https:\/\/agora.xtec.cat\/ceippaucasals\/wp-json\/wp\/v2\/media\/10535"}],"wp:attachment":[{"href":"https:\/\/agora.xtec.cat\/ceippaucasals\/wp-json\/wp\/v2\/media?parent=10317"}],"wp:term":[{"taxonomy":"category","embeddable":true,"href":"https:\/\/agora.xtec.cat\/ceippaucasals\/wp-json\/wp\/v2\/categories?post=10317"},{"taxonomy":"post_tag","embeddable":true,"href":"https:\/\/agora.xtec.cat\/ceippaucasals\/wp-json\/wp\/v2\/tags?post=10317"}],"curies":[{"name":"wp","href":"https:\/\/api.w.org\/{rel}","templated":true}]}}