{"id":494,"count":0,"description":"Planificaci\u00f3 de la incorporaci\u00f3 de les fam\u00edlies i nou alumnat al centre en temes digitals: usuaris, serveis que poden utilitzar, formaci\u00f3 inicial, normativa d\u2019\u00fas, etc.\r\n\r\n<a href=\"https:\/\/agora.xtec.cat\/ceippaucasals\/wp-content\/uploads\/usu990\/2023\/01\/Alumnat.png\"><img class=\"alignnone size-full wp-image-13176\" src=\"https:\/\/agora.xtec.cat\/ceippaucasals\/wp-content\/uploads\/usu990\/2023\/01\/Alumnat.png\" alt=\"\" width=\"2000\" height=\"1414\" \/><\/a>\r\n\r\n&nbsp;\r\n\r\n<a href=\"https:\/\/agora.xtec.cat\/ceippaucasals\/wp-content\/uploads\/usu990\/2023\/01\/Families.png\"><img class=\"alignnone size-full wp-image-13177\" src=\"https:\/\/agora.xtec.cat\/ceippaucasals\/wp-content\/uploads\/usu990\/2023\/01\/Families.png\" alt=\"\" width=\"2000\" height=\"1414\" \/><\/a>\r\n\r\n&nbsp;\r\n\r\n<a href=\"https:\/\/agora.xtec.cat\/ceippaucasals\/wp-content\/uploads\/usu990\/2023\/06\/Segell-Logos-Pa\u0300gina-Horitzontal.jpg\"><img class=\"alignnone size-full wp-image-13555\" src=\"https:\/\/agora.xtec.cat\/ceippaucasals\/wp-content\/uploads\/usu990\/2023\/06\/Segell-Logos-Pa\u0300gina-Horitzontal.jpg\" alt=\"\" width=\"2130\" height=\"284\" \/><\/a>","link":"https:\/\/agora.xtec.cat\/ceippaucasals\/categoria\/culturadigital\/acollidadigital\/","name":"Pla Acollida Digital","slug":"acollidadigital","taxonomy":"category","parent":491,"meta":[],"_links":{"self":[{"href":"https:\/\/agora.xtec.cat\/ceippaucasals\/wp-json\/wp\/v2\/categories\/494","targetHints":{"allow":["GET"]}}],"collection":[{"href":"https:\/\/agora.xtec.cat\/ceippaucasals\/wp-json\/wp\/v2\/categories"}],"about":[{"href":"https:\/\/agora.xtec.cat\/ceippaucasals\/wp-json\/wp\/v2\/taxonomies\/category"}],"up":[{"embeddable":true,"href":"https:\/\/agora.xtec.cat\/ceippaucasals\/wp-json\/wp\/v2\/categories\/491"}],"wp:post_type":[{"href":"https:\/\/agora.xtec.cat\/ceippaucasals\/wp-json\/wp\/v2\/posts?categories=494"}],"curies":[{"name":"wp","href":"https:\/\/api.w.org\/{rel}","templated":true}]}}