{"id":490,"count":0,"description":"Es defineixen i\u00a0 es concreta les l\u00ednies d'actuaci\u00f3 del centre que fan possible que docents, alumnat i centre assoleixin la compet\u00e8ncia digital.\r\n\r\n<a href=\"https:\/\/agora.xtec.cat\/ceippaucasals\/categoria\/estrategia\/diagnosidigital\/\"><img class=\"size-full wp-image-13215 aligncenter\" src=\"https:\/\/agora.xtec.cat\/ceippaucasals\/wp-content\/uploads\/usu990\/2023\/01\/diagnosi.jpg\" alt=\"\" width=\"281\" height=\"140\" \/><\/a>\r\n<p style=\"text-align: center;\"><a href=\"https:\/\/agora.xtec.cat\/ceippaucasals\/wp-content\/uploads\/usu990\/2023\/01\/flecha.jpg\"><img class=\"alignnone size-full wp-image-13212\" src=\"https:\/\/agora.xtec.cat\/ceippaucasals\/wp-content\/uploads\/usu990\/2023\/01\/flecha.jpg\" alt=\"\" width=\"67\" height=\"64\" \/><\/a><\/p>\r\n<p style=\"text-align: center;\"><a href=\"https:\/\/agora.xtec.cat\/ceippaucasals\/categoria\/estrategia\/objectiusdigitals\/\"><img class=\"alignnone size-full wp-image-13214\" src=\"https:\/\/agora.xtec.cat\/ceippaucasals\/wp-content\/uploads\/usu990\/2023\/01\/objectius.jpg\" alt=\"\" width=\"278\" height=\"80\" \/><\/a><\/p>\r\n<p style=\"text-align: center;\"><a href=\"https:\/\/agora.xtec.cat\/ceippaucasals\/wp-content\/uploads\/usu990\/2023\/01\/flecha.jpg\"><img class=\"alignnone size-full wp-image-13212\" src=\"https:\/\/agora.xtec.cat\/ceippaucasals\/wp-content\/uploads\/usu990\/2023\/01\/flecha.jpg\" alt=\"\" width=\"67\" height=\"64\" \/><\/a><\/p>\r\n<p style=\"text-align: center;\"><a href=\"https:\/\/agora.xtec.cat\/ceippaucasals\/categoria\/estrategia\/actuacioavaluacio\/\"><img class=\"alignnone size-full wp-image-13213\" src=\"https:\/\/agora.xtec.cat\/ceippaucasals\/wp-content\/uploads\/usu990\/2023\/01\/actuacions.jpg\" alt=\"\" width=\"278\" height=\"142\" \/><\/a><\/p>\r\n<a href=\"https:\/\/agora.xtec.cat\/ceippaucasals\/wp-content\/uploads\/usu990\/2023\/06\/Segell-Logos-Pa\u0300gina-Horitzontal.jpg\"><img class=\"alignnone size-full wp-image-13555\" src=\"https:\/\/agora.xtec.cat\/ceippaucasals\/wp-content\/uploads\/usu990\/2023\/06\/Segell-Logos-Pa\u0300gina-Horitzontal.jpg\" alt=\"\" width=\"2130\" height=\"284\" \/><\/a>","link":"https:\/\/agora.xtec.cat\/ceippaucasals\/categoria\/estrategia\/","name":"Estrat\u00e8gia (objectius i actuacions)","slug":"estrategia","taxonomy":"category","parent":0,"meta":[],"_links":{"self":[{"href":"https:\/\/agora.xtec.cat\/ceippaucasals\/wp-json\/wp\/v2\/categories\/490","targetHints":{"allow":["GET"]}}],"collection":[{"href":"https:\/\/agora.xtec.cat\/ceippaucasals\/wp-json\/wp\/v2\/categories"}],"about":[{"href":"https:\/\/agora.xtec.cat\/ceippaucasals\/wp-json\/wp\/v2\/taxonomies\/category"}],"wp:post_type":[{"href":"https:\/\/agora.xtec.cat\/ceippaucasals\/wp-json\/wp\/v2\/posts?categories=490"}],"curies":[{"name":"wp","href":"https:\/\/api.w.org\/{rel}","templated":true}]}}