{"id":116,"count":10,"description":"En aquest espai trobareu la bibliografia relacionada amb el programa de formaci\u00f3 a les fam\u00edlies.\r\n\r\nElaborat per l'equip de la biblioteca El Castell.\r\n\r\nTamb\u00e9 podeu trobar m\u00e9s informaci\u00f3 al web de l'<a href=\"http:\/\/www.vacarisses.cat\/pag359\/formacio-per-a-les-families.htm\">Ajuntament de Vacarissses<\/a>.","link":"https:\/\/agora.xtec.cat\/ceippaucasals\/categoria\/familia\/formaciofamilies\/","name":"Formaci\u00f3 fam\u00edlies","slug":"formaciofamilies","taxonomy":"category","parent":115,"meta":[],"_links":{"self":[{"href":"https:\/\/agora.xtec.cat\/ceippaucasals\/wp-json\/wp\/v2\/categories\/116","targetHints":{"allow":["GET"]}}],"collection":[{"href":"https:\/\/agora.xtec.cat\/ceippaucasals\/wp-json\/wp\/v2\/categories"}],"about":[{"href":"https:\/\/agora.xtec.cat\/ceippaucasals\/wp-json\/wp\/v2\/taxonomies\/category"}],"up":[{"embeddable":true,"href":"https:\/\/agora.xtec.cat\/ceippaucasals\/wp-json\/wp\/v2\/categories\/115"}],"wp:post_type":[{"href":"https:\/\/agora.xtec.cat\/ceippaucasals\/wp-json\/wp\/v2\/posts?categories=116"}],"curies":[{"name":"wp","href":"https:\/\/api.w.org\/{rel}","templated":true}]}}