{"id":844,"date":"2017-05-03T16:19:11","date_gmt":"2017-05-03T14:19:11","guid":{"rendered":"http:\/\/agora.xtec.cat\/ceippaucasals-hospitalet\/?p=844"},"modified":"2017-05-23T16:38:54","modified_gmt":"2017-05-23T14:38:54","slug":"quart-visita-la-fabrica-danone","status":"publish","type":"post","link":"https:\/\/agora.xtec.cat\/ceippaucasals-hospitalet\/primaria\/quart-visita-la-fabrica-danone\/","title":{"rendered":"Cicle Mitj\u00e0 visita la f\u00e0brica Danone"},"content":{"rendered":"<p>Els alumes del Cicle Mitj\u00e0 hem anat a la f\u00e0brica Danone. Ens han explicat com s&#8217;elabora aquest\u00a0iogurt i el seu origen.<\/p>\n<p>Hem aprofitat per dinar en un parc magn\u00edfic a Parets del Vall\u00e8s i ens ho hem passat &#8230;&#8230; BOMB&#8230;!!!<\/p>\n<p>Mireu que divertits vam estar. Cliqueu a les fotos.<\/p>\n<figure class=\"figure wp-caption alignleft\"><a href=\"https:\/\/goo.gl\/photos\/Z3RHDroaksko9gWA7\" target=\"_blank\"><img loading=\"lazy\" decoding=\"async\" class=\"wp-image-845 size-medium\" src=\"http:\/\/agora.xtec.cat\/ceippaucasals-hospitalet\/wp-content\/uploads\/usu336\/2017\/05\/IMG_9621-254x300.jpg\" alt=\"IMG_9621\" width=\"254\" height=\"300\" srcset=\"https:\/\/agora.xtec.cat\/ceippaucasals-hospitalet\/wp-content\/uploads\/usu336\/2017\/05\/IMG_9621-254x300.jpg 254w, https:\/\/agora.xtec.cat\/ceippaucasals-hospitalet\/wp-content\/uploads\/usu336\/2017\/05\/IMG_9621-768x908.jpg 768w, https:\/\/agora.xtec.cat\/ceippaucasals-hospitalet\/wp-content\/uploads\/usu336\/2017\/05\/IMG_9621-866x1024.jpg 866w\" sizes=\"auto, (max-width: 254px) 100vw, 254px\" \/><\/a><figcaption class=\"wp-caption-text\">4t<\/figcaption><\/figure>\n<figure class=\"figure wp-caption alignright\"><a href=\"https:\/\/goo.gl\/photos\/85QuSnHfiHB1TtW18\" target=\"_blank\"><img loading=\"lazy\" decoding=\"async\" class=\"wp-image-871\" src=\"http:\/\/agora.xtec.cat\/ceippaucasals-hospitalet\/wp-content\/uploads\/usu336\/2017\/05\/portada-3r-1-1024x576.jpg\" alt=\"portada 3r\" width=\"533\" height=\"300\" srcset=\"https:\/\/agora.xtec.cat\/ceippaucasals-hospitalet\/wp-content\/uploads\/usu336\/2017\/05\/portada-3r-1-1024x576.jpg 1024w, https:\/\/agora.xtec.cat\/ceippaucasals-hospitalet\/wp-content\/uploads\/usu336\/2017\/05\/portada-3r-1-300x169.jpg 300w, https:\/\/agora.xtec.cat\/ceippaucasals-hospitalet\/wp-content\/uploads\/usu336\/2017\/05\/portada-3r-1-768x432.jpg 768w\" sizes=\"auto, (max-width: 533px) 100vw, 533px\" \/><\/a><figcaption class=\"wp-caption-text\">3r<\/figcaption><\/figure>\n","protected":false},"excerpt":{"rendered":"<p>Els alumes del Cicle Mitj\u00e0 hem anat a la f\u00e0brica Danone. Ens han explicat com s&#8217;elabora aquest\u00a0iogurt i el seu origen.<br \/>\nHem aprofitat per dinar en un parc magn\u00edfic a Parets del Vall\u00e8s i ens ho hem passat &#8230;&#8230; BOMB&#8230;!!!<br \/>\nMireu que divertits vam estar. Cliqueu a&hellip;  <a href=\"https:\/\/agora.xtec.cat\/ceippaucasals-hospitalet\/primaria\/quart-visita-la-fabrica-danone\/\" title=\"Read Cicle Mitj\u00e0 visita la f\u00e0brica Danone\">Llegeix m\u00e9s\u00bb<\/a><\/p>\n","protected":false},"author":1,"featured_media":845,"comment_status":"open","ping_status":"open","sticky":false,"template":"","format":"standard","meta":{"_bbp_topic_count":0,"_bbp_reply_count":0,"_bbp_total_topic_count":0,"_bbp_total_reply_count":0,"_bbp_voice_count":0,"_bbp_anonymous_reply_count":0,"_bbp_topic_count_hidden":0,"_bbp_reply_count_hidden":0,"_bbp_forum_subforum_count":0,"footnotes":""},"categories":[12,13,23,5],"tags":[16],"class_list":["post-844","post","type-post","status-publish","format-standard","has-post-thumbnail","hentry","category-3r","category-4t","category-cm","category-primaria","tag-sortides"],"post_mailing_queue_ids":[],"_links":{"self":[{"href":"https:\/\/agora.xtec.cat\/ceippaucasals-hospitalet\/wp-json\/wp\/v2\/posts\/844","targetHints":{"allow":["GET"]}}],"collection":[{"href":"https:\/\/agora.xtec.cat\/ceippaucasals-hospitalet\/wp-json\/wp\/v2\/posts"}],"about":[{"href":"https:\/\/agora.xtec.cat\/ceippaucasals-hospitalet\/wp-json\/wp\/v2\/types\/post"}],"author":[{"embeddable":true,"href":"https:\/\/agora.xtec.cat\/ceippaucasals-hospitalet\/wp-json\/wp\/v2\/users\/1"}],"replies":[{"embeddable":true,"href":"https:\/\/agora.xtec.cat\/ceippaucasals-hospitalet\/wp-json\/wp\/v2\/comments?post=844"}],"version-history":[{"count":4,"href":"https:\/\/agora.xtec.cat\/ceippaucasals-hospitalet\/wp-json\/wp\/v2\/posts\/844\/revisions"}],"predecessor-version":[{"id":882,"href":"https:\/\/agora.xtec.cat\/ceippaucasals-hospitalet\/wp-json\/wp\/v2\/posts\/844\/revisions\/882"}],"wp:featuredmedia":[{"embeddable":true,"href":"https:\/\/agora.xtec.cat\/ceippaucasals-hospitalet\/wp-json\/wp\/v2\/media\/845"}],"wp:attachment":[{"href":"https:\/\/agora.xtec.cat\/ceippaucasals-hospitalet\/wp-json\/wp\/v2\/media?parent=844"}],"wp:term":[{"taxonomy":"category","embeddable":true,"href":"https:\/\/agora.xtec.cat\/ceippaucasals-hospitalet\/wp-json\/wp\/v2\/categories?post=844"},{"taxonomy":"post_tag","embeddable":true,"href":"https:\/\/agora.xtec.cat\/ceippaucasals-hospitalet\/wp-json\/wp\/v2\/tags?post=844"}],"curies":[{"name":"wp","href":"https:\/\/api.w.org\/{rel}","templated":true}]}}