{"id":5034,"date":"2022-12-20T16:14:35","date_gmt":"2022-12-20T15:14:35","guid":{"rendered":"https:\/\/agora.xtec.cat\/ceippaucasals-hospitalet\/?p=5034"},"modified":"2022-12-20T16:14:35","modified_gmt":"2022-12-20T15:14:35","slug":"ja-es-nadal-al-pau-casals","status":"publish","type":"post","link":"https:\/\/agora.xtec.cat\/ceippaucasals-hospitalet\/general\/ja-es-nadal-al-pau-casals\/","title":{"rendered":"JA \u00c9S NADAL AL PAU CASALS!"},"content":{"rendered":"<p>&nbsp;<\/p>\n<p><a href=\"https:\/\/agora.xtec.cat\/ceippaucasals-hospitalet\/wp-content\/uploads\/usu336\/2022\/12\/arbol.jpg\"><img loading=\"lazy\" decoding=\"async\" class=\"alignnone size-large wp-image-5041\" src=\"https:\/\/agora.xtec.cat\/ceippaucasals-hospitalet\/wp-content\/uploads\/usu336\/2022\/12\/arbol-555x1024.jpg\" alt=\"\" width=\"555\" height=\"1024\" srcset=\"https:\/\/agora.xtec.cat\/ceippaucasals-hospitalet\/wp-content\/uploads\/usu336\/2022\/12\/arbol-555x1024.jpg 555w, https:\/\/agora.xtec.cat\/ceippaucasals-hospitalet\/wp-content\/uploads\/usu336\/2022\/12\/arbol-163x300.jpg 163w, https:\/\/agora.xtec.cat\/ceippaucasals-hospitalet\/wp-content\/uploads\/usu336\/2022\/12\/arbol.jpg 655w\" sizes=\"auto, (max-width: 555px) 100vw, 555px\" \/><\/a><\/p>\n<p>Estimades fam\u00edlies, un cop m\u00e9s, el Nadal ha arribat a la nostra escola! Tots els nens i nenes de prim\u00e0ria hem treballat molt durant aquest trimestre per preparar la nostra nadala.<\/p>\n<p>Ho hem fet amb molta il\u00b7lusi\u00f3! Esperem que us agradi!<\/p>\n<p>Nom\u00e9s heu d&#8217;entrar al <a href=\"https:\/\/view.genial.ly\/63a1a209f28db60011c0e89f\/interactive-content-arbol-de-los-deseos\">link<\/a> i clicar el curs que voleu veure! Quina can\u00e7\u00f3 us agrada m\u00e9s? \ud83d\ude0a<\/p>\n<p>Bon Nadal a tots i totes!<\/p>\n<p>Una abra\u00e7ada,<\/p>\n<p>L&#8217;equip de mestres del Pau Casals \ud83d\ude0d<\/p>\n<p><a href=\"https:\/\/view.genial.ly\/63a1a209f28db60011c0e89f\/interactive-content-arbol-de-los-deseos\">https:\/\/view.genial.ly\/63a1a209f28db60011c0e89f\/interactive-content-arbol-de-los-deseos<\/a><\/p>\n<p>_________________________________________________________<\/p>\n<p>Apreciadas familias, una vez m\u00e1s \u00a1la Navidad ha llegado a nuestra escuela! Todos los ni\u00f1os y ni\u00f1as de primaria hemos trabajado mucho durante este trimestre para preparar nuestra canci\u00f3n de Navidad.<\/p>\n<p>\u00a1Lo hemos hecho con mucha ilusi\u00f3n! Esperamos que os guste<\/p>\n<p>Ten\u00e9is que entrar al <a href=\"https:\/\/view.genial.ly\/63a1a209f28db60011c0e89f\/interactive-content-arbol-de-los-deseos\">link<\/a> y darle al curso que quer\u00e1is ver. \u00bfQu\u00e9 canci\u00f3n os gusta m\u00e1s? \ud83d\ude0a<\/p>\n<p>\u00a1Feliz Navidad!<\/p>\n<p>Un abrazo,<\/p>\n<p>El equipo de maestros del Pau Casals \ud83d\ude0d<\/p>\n<p><a href=\"https:\/\/view.genial.ly\/63a1a209f28db60011c0e89f\/interactive-content-arbol-de-los-deseos\">https:\/\/view.genial.ly\/63a1a209f28db60011c0e89f\/interactive-content-arbol-de-los-deseos<\/a><\/p>\n<p>&nbsp;<\/p>\n","protected":false},"excerpt":{"rendered":"<p>&nbsp;<br \/>\n<a href=\"https:\/\/agora.xtec.cat\/ceippaucasals-hospitalet\/wp-content\/uploads\/usu336\/2022\/12\/arbol.jpg\"><\/a><br \/>\nEstimades fam\u00edlies, un cop m\u00e9s, el Nadal ha arribat a la nostra escola! Tots els nens i nenes de prim\u00e0ria hem treballat molt durant aquest trimestre per preparar la nostra nadala.<br \/>\nHo hem fet amb molta il\u00b7lusi\u00f3! Esperem que us agradi!<br \/>\nNom\u00e9s heu d&#8217;entrar al <a&hellip;  <a href=\"https:\/\/agora.xtec.cat\/ceippaucasals-hospitalet\/general\/ja-es-nadal-al-pau-casals\/\" title=\"Read JA \u00c9S NADAL AL PAU CASALS!\">Llegeix m\u00e9s\u00bb<\/a><\/p>\n","protected":false},"author":41,"featured_media":0,"comment_status":"open","ping_status":"closed","sticky":false,"template":"","format":"standard","meta":{"_bbp_topic_count":0,"_bbp_reply_count":0,"_bbp_total_topic_count":0,"_bbp_total_reply_count":0,"_bbp_voice_count":0,"_bbp_anonymous_reply_count":0,"_bbp_topic_count_hidden":0,"_bbp_reply_count_hidden":0,"_bbp_forum_subforum_count":0,"footnotes":""},"categories":[10,11,12,13,14,15,1,66,5],"tags":[76,74,75,61],"class_list":["post-5034","post","type-post","status-publish","format-standard","hentry","category-1r","category-2n","category-3r","category-4t","category-5e","category-6e","category-general","category-pagina-inici","category-primaria","tag-escola","tag-musica","tag-nadal","tag-primaria"],"post_mailing_queue_ids":[],"_links":{"self":[{"href":"https:\/\/agora.xtec.cat\/ceippaucasals-hospitalet\/wp-json\/wp\/v2\/posts\/5034","targetHints":{"allow":["GET"]}}],"collection":[{"href":"https:\/\/agora.xtec.cat\/ceippaucasals-hospitalet\/wp-json\/wp\/v2\/posts"}],"about":[{"href":"https:\/\/agora.xtec.cat\/ceippaucasals-hospitalet\/wp-json\/wp\/v2\/types\/post"}],"author":[{"embeddable":true,"href":"https:\/\/agora.xtec.cat\/ceippaucasals-hospitalet\/wp-json\/wp\/v2\/users\/41"}],"replies":[{"embeddable":true,"href":"https:\/\/agora.xtec.cat\/ceippaucasals-hospitalet\/wp-json\/wp\/v2\/comments?post=5034"}],"version-history":[{"count":3,"href":"https:\/\/agora.xtec.cat\/ceippaucasals-hospitalet\/wp-json\/wp\/v2\/posts\/5034\/revisions"}],"predecessor-version":[{"id":5043,"href":"https:\/\/agora.xtec.cat\/ceippaucasals-hospitalet\/wp-json\/wp\/v2\/posts\/5034\/revisions\/5043"}],"wp:attachment":[{"href":"https:\/\/agora.xtec.cat\/ceippaucasals-hospitalet\/wp-json\/wp\/v2\/media?parent=5034"}],"wp:term":[{"taxonomy":"category","embeddable":true,"href":"https:\/\/agora.xtec.cat\/ceippaucasals-hospitalet\/wp-json\/wp\/v2\/categories?post=5034"},{"taxonomy":"post_tag","embeddable":true,"href":"https:\/\/agora.xtec.cat\/ceippaucasals-hospitalet\/wp-json\/wp\/v2\/tags?post=5034"}],"curies":[{"name":"wp","href":"https:\/\/api.w.org\/{rel}","templated":true}]}}