{"id":4904,"date":"2022-06-13T13:10:01","date_gmt":"2022-06-13T11:10:01","guid":{"rendered":"https:\/\/agora.xtec.cat\/ceippaucasals-hospitalet\/?p=4904"},"modified":"2022-06-13T13:10:47","modified_gmt":"2022-06-13T11:10:47","slug":"excursio-al-bosc-vertical-de-mataro","status":"publish","type":"post","link":"https:\/\/agora.xtec.cat\/ceippaucasals-hospitalet\/general\/excursio-al-bosc-vertical-de-mataro\/","title":{"rendered":"Excursi\u00f3 al Bosc Vertical de Matar\u00f3"},"content":{"rendered":"<p>Dimarts 31 de maig tots els alumnes de cicle mitj\u00e0 de l&#8217;escola han viatjat fins a Matar\u00f3 per caminar entre els arbres. Hi ha hagut nervis, rialles i molta diversi\u00f3. Un dia d&#8217;all\u00f2 m\u00e9s emocionant!<\/p>\n<p><a href=\"https:\/\/photos.app.goo.gl\/Bz4Zw3g5Fhh9hUra8\" target=\"_blank\" rel=\"noopener\">Fotos<\/a><\/p>\n<p><a href=\"https:\/\/agora.xtec.cat\/ceippaucasals-hospitalet\/wp-content\/uploads\/usu336\/2022\/06\/bosc-vertical-web.jpg\"><img loading=\"lazy\" decoding=\"async\" class=\"alignnone size-large wp-image-4905\" src=\"https:\/\/agora.xtec.cat\/ceippaucasals-hospitalet\/wp-content\/uploads\/usu336\/2022\/06\/bosc-vertical-web-1024x768.jpg\" alt=\"\" width=\"1024\" height=\"768\" srcset=\"https:\/\/agora.xtec.cat\/ceippaucasals-hospitalet\/wp-content\/uploads\/usu336\/2022\/06\/bosc-vertical-web-1024x768.jpg 1024w, https:\/\/agora.xtec.cat\/ceippaucasals-hospitalet\/wp-content\/uploads\/usu336\/2022\/06\/bosc-vertical-web-300x225.jpg 300w, https:\/\/agora.xtec.cat\/ceippaucasals-hospitalet\/wp-content\/uploads\/usu336\/2022\/06\/bosc-vertical-web-768x576.jpg 768w, https:\/\/agora.xtec.cat\/ceippaucasals-hospitalet\/wp-content\/uploads\/usu336\/2022\/06\/bosc-vertical-web-1536x1152.jpg 1536w, https:\/\/agora.xtec.cat\/ceippaucasals-hospitalet\/wp-content\/uploads\/usu336\/2022\/06\/bosc-vertical-web-2048x1536.jpg 2048w, https:\/\/agora.xtec.cat\/ceippaucasals-hospitalet\/wp-content\/uploads\/usu336\/2022\/06\/bosc-vertical-web-200x150.jpg 200w\" sizes=\"auto, (max-width: 1024px) 100vw, 1024px\" \/><\/a><\/p>\n","protected":false},"excerpt":{"rendered":"<p>Dimarts 31 de maig tots els alumnes de cicle mitj\u00e0 de l&#8217;escola han viatjat fins a Matar\u00f3 per caminar entre els arbres. Hi ha hagut nervis, rialles i molta diversi\u00f3. Un dia d&#8217;all\u00f2 m\u00e9s emocionant!<br \/>\n<a href=\"https:\/\/photos.app.goo.gl\/Bz4Zw3g5Fhh9hUra8\" target=\"_blank\" rel=\"noopener\">Fotos<\/a><br \/>\n<a href=\"https:\/\/agora.xtec.cat\/ceippaucasals-hospitalet\/wp-content\/uploads\/usu336\/2022\/06\/bosc-vertical-web.jpg\"><\/a><\/p>\n","protected":false},"author":1,"featured_media":0,"comment_status":"closed","ping_status":"closed","sticky":false,"template":"","format":"standard","meta":{"_bbp_topic_count":0,"_bbp_reply_count":0,"_bbp_total_topic_count":0,"_bbp_total_reply_count":0,"_bbp_voice_count":0,"_bbp_anonymous_reply_count":0,"_bbp_topic_count_hidden":0,"_bbp_reply_count_hidden":0,"_bbp_forum_subforum_count":0,"footnotes":""},"categories":[12,13,23,1,5],"tags":[],"class_list":["post-4904","post","type-post","status-publish","format-standard","hentry","category-3r","category-4t","category-cm","category-general","category-primaria"],"post_mailing_queue_ids":[],"_links":{"self":[{"href":"https:\/\/agora.xtec.cat\/ceippaucasals-hospitalet\/wp-json\/wp\/v2\/posts\/4904","targetHints":{"allow":["GET"]}}],"collection":[{"href":"https:\/\/agora.xtec.cat\/ceippaucasals-hospitalet\/wp-json\/wp\/v2\/posts"}],"about":[{"href":"https:\/\/agora.xtec.cat\/ceippaucasals-hospitalet\/wp-json\/wp\/v2\/types\/post"}],"author":[{"embeddable":true,"href":"https:\/\/agora.xtec.cat\/ceippaucasals-hospitalet\/wp-json\/wp\/v2\/users\/1"}],"replies":[{"embeddable":true,"href":"https:\/\/agora.xtec.cat\/ceippaucasals-hospitalet\/wp-json\/wp\/v2\/comments?post=4904"}],"version-history":[{"count":1,"href":"https:\/\/agora.xtec.cat\/ceippaucasals-hospitalet\/wp-json\/wp\/v2\/posts\/4904\/revisions"}],"predecessor-version":[{"id":4906,"href":"https:\/\/agora.xtec.cat\/ceippaucasals-hospitalet\/wp-json\/wp\/v2\/posts\/4904\/revisions\/4906"}],"wp:attachment":[{"href":"https:\/\/agora.xtec.cat\/ceippaucasals-hospitalet\/wp-json\/wp\/v2\/media?parent=4904"}],"wp:term":[{"taxonomy":"category","embeddable":true,"href":"https:\/\/agora.xtec.cat\/ceippaucasals-hospitalet\/wp-json\/wp\/v2\/categories?post=4904"},{"taxonomy":"post_tag","embeddable":true,"href":"https:\/\/agora.xtec.cat\/ceippaucasals-hospitalet\/wp-json\/wp\/v2\/tags?post=4904"}],"curies":[{"name":"wp","href":"https:\/\/api.w.org\/{rel}","templated":true}]}}