{"id":4318,"date":"2021-11-22T11:56:32","date_gmt":"2021-11-22T10:56:32","guid":{"rendered":"https:\/\/agora.xtec.cat\/ceippaucasals-hospitalet\/?p=4318"},"modified":"2021-11-22T11:57:41","modified_gmt":"2021-11-22T10:57:41","slug":"taller-de-terrissa-a-valldeperas-de-cicle-mitja","status":"publish","type":"post","link":"https:\/\/agora.xtec.cat\/ceippaucasals-hospitalet\/general\/taller-de-terrissa-a-valldeperas-de-cicle-mitja\/","title":{"rendered":"Taller de terrissa a Valldeperas de Cicle Mitj\u00e0"},"content":{"rendered":"<p>El dia 3 de novembre els alumnes de cicle mitj\u00e0 van fer un taller de terrissa a Casa Valdeperas, a Sant Sadurn\u00ed d&#8217;Anoia. Un gran dia gaudint de la natura!<\/p>\n<p><a href=\"https:\/\/photos.app.goo.gl\/P5H1eJy8rwEDgaRy8\" target=\"_blank\" rel=\"noopener\"><img loading=\"lazy\" decoding=\"async\" class=\"alignnone size-large wp-image-4319\" src=\"https:\/\/agora.xtec.cat\/ceippaucasals-hospitalet\/wp-content\/uploads\/usu336\/2021\/11\/Foto-portada-1024x768.jpg\" alt=\"\" width=\"1024\" height=\"768\" srcset=\"https:\/\/agora.xtec.cat\/ceippaucasals-hospitalet\/wp-content\/uploads\/usu336\/2021\/11\/Foto-portada-1024x768.jpg 1024w, https:\/\/agora.xtec.cat\/ceippaucasals-hospitalet\/wp-content\/uploads\/usu336\/2021\/11\/Foto-portada-300x225.jpg 300w, https:\/\/agora.xtec.cat\/ceippaucasals-hospitalet\/wp-content\/uploads\/usu336\/2021\/11\/Foto-portada-768x576.jpg 768w, https:\/\/agora.xtec.cat\/ceippaucasals-hospitalet\/wp-content\/uploads\/usu336\/2021\/11\/Foto-portada-1536x1152.jpg 1536w, https:\/\/agora.xtec.cat\/ceippaucasals-hospitalet\/wp-content\/uploads\/usu336\/2021\/11\/Foto-portada-2048x1536.jpg 2048w, https:\/\/agora.xtec.cat\/ceippaucasals-hospitalet\/wp-content\/uploads\/usu336\/2021\/11\/Foto-portada-200x150.jpg 200w\" sizes=\"auto, (max-width: 1024px) 100vw, 1024px\" \/><\/a><\/p>\n","protected":false},"excerpt":{"rendered":"<p>El dia 3 de novembre els alumnes de cicle mitj\u00e0 van fer un taller de terrissa a Casa Valdeperas, a Sant Sadurn\u00ed d&#8217;Anoia. Un gran dia gaudint de la natura!<br \/>\n<a href=\"https:\/\/photos.app.goo.gl\/P5H1eJy8rwEDgaRy8\" target=\"_blank\" rel=\"noopener\"><\/a><\/p>\n","protected":false},"author":1,"featured_media":1060,"comment_status":"closed","ping_status":"closed","sticky":false,"template":"","format":"standard","meta":{"_bbp_topic_count":0,"_bbp_reply_count":0,"_bbp_total_topic_count":0,"_bbp_total_reply_count":0,"_bbp_voice_count":0,"_bbp_anonymous_reply_count":0,"_bbp_topic_count_hidden":0,"_bbp_reply_count_hidden":0,"_bbp_forum_subforum_count":0,"footnotes":""},"categories":[12,13,23,1,5],"tags":[],"class_list":["post-4318","post","type-post","status-publish","format-standard","has-post-thumbnail","hentry","category-3r","category-4t","category-cm","category-general","category-primaria"],"post_mailing_queue_ids":[],"_links":{"self":[{"href":"https:\/\/agora.xtec.cat\/ceippaucasals-hospitalet\/wp-json\/wp\/v2\/posts\/4318","targetHints":{"allow":["GET"]}}],"collection":[{"href":"https:\/\/agora.xtec.cat\/ceippaucasals-hospitalet\/wp-json\/wp\/v2\/posts"}],"about":[{"href":"https:\/\/agora.xtec.cat\/ceippaucasals-hospitalet\/wp-json\/wp\/v2\/types\/post"}],"author":[{"embeddable":true,"href":"https:\/\/agora.xtec.cat\/ceippaucasals-hospitalet\/wp-json\/wp\/v2\/users\/1"}],"replies":[{"embeddable":true,"href":"https:\/\/agora.xtec.cat\/ceippaucasals-hospitalet\/wp-json\/wp\/v2\/comments?post=4318"}],"version-history":[{"count":1,"href":"https:\/\/agora.xtec.cat\/ceippaucasals-hospitalet\/wp-json\/wp\/v2\/posts\/4318\/revisions"}],"predecessor-version":[{"id":4320,"href":"https:\/\/agora.xtec.cat\/ceippaucasals-hospitalet\/wp-json\/wp\/v2\/posts\/4318\/revisions\/4320"}],"wp:featuredmedia":[{"embeddable":true,"href":"https:\/\/agora.xtec.cat\/ceippaucasals-hospitalet\/wp-json\/wp\/v2\/media\/1060"}],"wp:attachment":[{"href":"https:\/\/agora.xtec.cat\/ceippaucasals-hospitalet\/wp-json\/wp\/v2\/media?parent=4318"}],"wp:term":[{"taxonomy":"category","embeddable":true,"href":"https:\/\/agora.xtec.cat\/ceippaucasals-hospitalet\/wp-json\/wp\/v2\/categories?post=4318"},{"taxonomy":"post_tag","embeddable":true,"href":"https:\/\/agora.xtec.cat\/ceippaucasals-hospitalet\/wp-json\/wp\/v2\/tags?post=4318"}],"curies":[{"name":"wp","href":"https:\/\/api.w.org\/{rel}","templated":true}]}}