{"id":3770,"date":"2021-03-08T10:33:52","date_gmt":"2021-03-08T09:33:52","guid":{"rendered":"https:\/\/agora.xtec.cat\/ceippaucasals-hospitalet\/?p=3770"},"modified":"2021-05-17T11:35:34","modified_gmt":"2021-05-17T09:35:34","slug":"8-de-marc-dia-internacional-de-la-dona","status":"publish","type":"post","link":"https:\/\/agora.xtec.cat\/ceippaucasals-hospitalet\/general\/8-de-marc-dia-internacional-de-la-dona\/","title":{"rendered":"8 DE MAR\u00c7: DIA INTERNACIONAL DE LA DONA"},"content":{"rendered":"<p>Avui la nostra escola es vol sumar a la cel\u00b7lebraci\u00f3 del dia internacional de la dona.<\/p>\n<p>Les nenes i nens de 6\u00e8 del Pau Casals volem reivindicar:<\/p>\n<ul>\n<li>Una societat i educaci\u00f3 basada en el feminisme, on el patriarcat no tingui cabuda.<\/li>\n<li>Igualtat d&#8217;oportunitats indiferentment del g\u00e8nere.<\/li>\n<li>Que desaparegui la viol\u00e8ncia masclista de la nostra societat.<\/li>\n<\/ul>\n<p>Aquest any hem volgut posar m\u00fasica i lletra a aquest dia tan important. <a href=\"https:\/\/drive.google.com\/file\/d\/1enyCYtaZ_azFtpnBu8fOVSZ_7vUqTiXo\/view?usp=sharing\" target=\"_blank\" rel=\"noopener noreferrer\">CLIQUEU AQU\u00cd<\/a> per visualitzar a les alumnes de 6\u00e8 cantant la can\u00e7\u00f3 I TU, SOLS TU, del Diluvi.<\/p>\n<p>&nbsp;<\/p>\n<p style=\"text-align: justify;\"><a href=\"https:\/\/agora.xtec.cat\/ceippaucasals-hospitalet\/wp-content\/uploads\/usu336\/2021\/03\/8mb.png\"><img loading=\"lazy\" decoding=\"async\" class=\"size-full wp-image-3771 aligncenter\" src=\"https:\/\/agora.xtec.cat\/ceippaucasals-hospitalet\/wp-content\/uploads\/usu336\/2021\/03\/8mb.png\" alt=\"\" width=\"500\" height=\"500\" \/><\/a><\/p>\n","protected":false},"excerpt":{"rendered":"<p>Avui la nostra escola es vol sumar a la cel\u00b7lebraci\u00f3 del dia internacional de la dona.<br \/>\nLes nenes i nens de 6\u00e8 del Pau Casals volem reivindicar:<\/p>\n<ul>\n<li>Una societat i educaci\u00f3 basada en el feminisme, on el patriarcat no tingui cabuda.<\/li>\n<li>Igualtat d&#8217;oportunitats indiferentment del g\u00e8nere.<\/li>\n<li>Que desaparegui la&hellip;  <a href=\"https:\/\/agora.xtec.cat\/ceippaucasals-hospitalet\/general\/8-de-marc-dia-internacional-de-la-dona\/\" title=\"Read 8 DE MAR\u00c7: DIA INTERNACIONAL DE LA DONA\">Llegeix m\u00e9s\u00bb<\/a><br \/>\n","protected":false},"author":1,"featured_media":3771,"comment_status":"open","ping_status":"closed","sticky":false,"template":"","format":"standard","meta":{"_bbp_topic_count":0,"_bbp_reply_count":0,"_bbp_total_topic_count":0,"_bbp_total_reply_count":0,"_bbp_voice_count":0,"_bbp_anonymous_reply_count":0,"_bbp_topic_count_hidden":0,"_bbp_reply_count_hidden":0,"_bbp_forum_subforum_count":0,"footnotes":""},"categories":[10,11,12,13,14,15,22,23,24,1,2,3,8,9,5],"tags":[],"class_list":["post-3770","post","type-post","status-publish","format-standard","has-post-thumbnail","hentry","category-1r","category-2n","category-3r","category-4t","category-5e","category-6e","category-ci","category-cm","category-cs","category-general","category-infantil","category-p3","category-p4","category-p5","category-primaria"],"post_mailing_queue_ids":[],"_links":{"self":[{"href":"https:\/\/agora.xtec.cat\/ceippaucasals-hospitalet\/wp-json\/wp\/v2\/posts\/3770","targetHints":{"allow":["GET"]}}],"collection":[{"href":"https:\/\/agora.xtec.cat\/ceippaucasals-hospitalet\/wp-json\/wp\/v2\/posts"}],"about":[{"href":"https:\/\/agora.xtec.cat\/ceippaucasals-hospitalet\/wp-json\/wp\/v2\/types\/post"}],"author":[{"embeddable":true,"href":"https:\/\/agora.xtec.cat\/ceippaucasals-hospitalet\/wp-json\/wp\/v2\/users\/1"}],"replies":[{"embeddable":true,"href":"https:\/\/agora.xtec.cat\/ceippaucasals-hospitalet\/wp-json\/wp\/v2\/comments?post=3770"}],"version-history":[{"count":1,"href":"https:\/\/agora.xtec.cat\/ceippaucasals-hospitalet\/wp-json\/wp\/v2\/posts\/3770\/revisions"}],"predecessor-version":[{"id":3772,"href":"https:\/\/agora.xtec.cat\/ceippaucasals-hospitalet\/wp-json\/wp\/v2\/posts\/3770\/revisions\/3772"}],"wp:featuredmedia":[{"embeddable":true,"href":"https:\/\/agora.xtec.cat\/ceippaucasals-hospitalet\/wp-json\/wp\/v2\/media\/3771"}],"wp:attachment":[{"href":"https:\/\/agora.xtec.cat\/ceippaucasals-hospitalet\/wp-json\/wp\/v2\/media?parent=3770"}],"wp:term":[{"taxonomy":"category","embeddable":true,"href":"https:\/\/agora.xtec.cat\/ceippaucasals-hospitalet\/wp-json\/wp\/v2\/categories?post=3770"},{"taxonomy":"post_tag","embeddable":true,"href":"https:\/\/agora.xtec.cat\/ceippaucasals-hospitalet\/wp-json\/wp\/v2\/tags?post=3770"}],"curies":[{"name":"wp","href":"https:\/\/api.w.org\/{rel}","templated":true}]}}