{"id":1327,"date":"2018-03-16T13:27:27","date_gmt":"2018-03-16T12:27:27","guid":{"rendered":"http:\/\/agora.xtec.cat\/ceippaucasals-hospitalet\/?p=1327"},"modified":"2018-03-16T13:27:38","modified_gmt":"2018-03-16T12:27:38","slug":"carnestoltes-a-cicle-mitja","status":"publish","type":"post","link":"https:\/\/agora.xtec.cat\/ceippaucasals-hospitalet\/primaria\/3r\/carnestoltes-a-cicle-mitja\/","title":{"rendered":"Carnestoltes a Cicle Mitj\u00e0"},"content":{"rendered":"<p>Abans que arrib\u00e9s el Carnestoltes els alumnes de 4t van redactar el programa, treballant la seva tipolog\u00eda a les classes de llengua i posteriorment, a inform\u00e0tica on van cercar les imatges per guarnir-lo.<\/p>\n<p>Els alumnes de cicle mitj\u00e0, ho vam passar molt b\u00e9 amb les diferents consignes. Divendres a la tarda, tots disfressats, vam gaudir molt de la festa.<\/p>\n<p>Els de 3t van ser els encarregats de llen\u00e7ar el confeti, per acomiadar el Carnestoltes.<\/p>\n<p><a href=\"https:\/\/photos.app.goo.gl\/YQGTIQJAT6hCCYdg1\">Aqu\u00ed<\/a> podeu veure les fotos d&#8217;aquell dia.<\/p>\n<p>&nbsp;<\/p>\n<p><a href=\"https:\/\/photos.google.com\/share\/AF1QipOhAydHdpRHSL7_No2pMvp52hpT_9N3e3DpFv4C10inyi51srl_29q9fmpo79y1FA?key=MDJtdWVuQ2xYY01Yek9BZTBUb1dSMVRtNkdLN2dn\">.<\/a><\/p>\n","protected":false},"excerpt":{"rendered":"<p>Abans que arrib\u00e9s el Carnestoltes els alumnes de 4t van redactar el programa, treballant la seva tipolog\u00eda a les classes de llengua i posteriorment, a inform\u00e0tica on van cercar les imatges per guarnir-lo.<br \/>\nEls alumnes de cicle mitj\u00e0, ho vam passar molt b\u00e9 amb les diferents&hellip;  <a href=\"https:\/\/agora.xtec.cat\/ceippaucasals-hospitalet\/primaria\/3r\/carnestoltes-a-cicle-mitja\/\" title=\"Read Carnestoltes a Cicle Mitj\u00e0\">Llegeix m\u00e9s\u00bb<\/a><\/p>\n","protected":false},"author":1,"featured_media":0,"comment_status":"closed","ping_status":"closed","sticky":false,"template":"","format":"standard","meta":{"_bbp_topic_count":0,"_bbp_reply_count":0,"_bbp_total_topic_count":0,"_bbp_total_reply_count":0,"_bbp_voice_count":0,"_bbp_anonymous_reply_count":0,"_bbp_topic_count_hidden":0,"_bbp_reply_count_hidden":0,"_bbp_forum_subforum_count":0,"footnotes":""},"categories":[12,13,23],"tags":[],"class_list":["post-1327","post","type-post","status-publish","format-standard","hentry","category-3r","category-4t","category-cm"],"post_mailing_queue_ids":[],"_links":{"self":[{"href":"https:\/\/agora.xtec.cat\/ceippaucasals-hospitalet\/wp-json\/wp\/v2\/posts\/1327","targetHints":{"allow":["GET"]}}],"collection":[{"href":"https:\/\/agora.xtec.cat\/ceippaucasals-hospitalet\/wp-json\/wp\/v2\/posts"}],"about":[{"href":"https:\/\/agora.xtec.cat\/ceippaucasals-hospitalet\/wp-json\/wp\/v2\/types\/post"}],"author":[{"embeddable":true,"href":"https:\/\/agora.xtec.cat\/ceippaucasals-hospitalet\/wp-json\/wp\/v2\/users\/1"}],"replies":[{"embeddable":true,"href":"https:\/\/agora.xtec.cat\/ceippaucasals-hospitalet\/wp-json\/wp\/v2\/comments?post=1327"}],"version-history":[{"count":2,"href":"https:\/\/agora.xtec.cat\/ceippaucasals-hospitalet\/wp-json\/wp\/v2\/posts\/1327\/revisions"}],"predecessor-version":[{"id":1402,"href":"https:\/\/agora.xtec.cat\/ceippaucasals-hospitalet\/wp-json\/wp\/v2\/posts\/1327\/revisions\/1402"}],"wp:attachment":[{"href":"https:\/\/agora.xtec.cat\/ceippaucasals-hospitalet\/wp-json\/wp\/v2\/media?parent=1327"}],"wp:term":[{"taxonomy":"category","embeddable":true,"href":"https:\/\/agora.xtec.cat\/ceippaucasals-hospitalet\/wp-json\/wp\/v2\/categories?post=1327"},{"taxonomy":"post_tag","embeddable":true,"href":"https:\/\/agora.xtec.cat\/ceippaucasals-hospitalet\/wp-json\/wp\/v2\/tags?post=1327"}],"curies":[{"name":"wp","href":"https:\/\/api.w.org\/{rel}","templated":true}]}}