{"id":1098,"date":"2017-11-10T13:36:49","date_gmt":"2017-11-10T12:36:49","guid":{"rendered":"http:\/\/agora.xtec.cat\/ceippaucasals-hospitalet\/?p=1098"},"modified":"2017-11-10T13:38:05","modified_gmt":"2017-11-10T12:38:05","slug":"celebrem-la-castanyada-a-valldepera","status":"publish","type":"post","link":"https:\/\/agora.xtec.cat\/ceippaucasals-hospitalet\/primaria\/celebrem-la-castanyada-a-valldepera\/","title":{"rendered":"CELEBREM LA CASTANYADA A VALLDEPERA"},"content":{"rendered":"<p>El dia 30 d&#8217;octubre, el cicle mitj\u00e0 vam anar a celebrar la castanyada a Valldepera. Un lloc a prop de Sant Sadurn\u00ed d&#8217;Anoia, on vam treballar el fang i vam fer figures, tamb\u00e9 vam veure com funciona el torn.<\/p>\n<p>A continuaci\u00f3 vam fer una passejada pel bosc i vam observar les vinyes, i les oliveres, conreus propis de sec\u00e0.<\/p>\n<p>Vam tenir temps de jugar i estudiar.<\/p>\n<p>Aqu\u00ed podeu veure unes <a href=\"https:\/\/photos.app.goo.gl\/EdR7bSl73lkm52sg2\">fotos\u00a0<\/a><\/p>\n","protected":false},"excerpt":{"rendered":"<p>El dia 30 d&#8217;octubre, el cicle mitj\u00e0 vam anar a celebrar la castanyada a Valldepera. Un lloc a prop de Sant Sadurn\u00ed d&#8217;Anoia, on vam treballar el fang i vam fer figures, tamb\u00e9 vam veure com funciona el torn.<br \/>\nA continuaci\u00f3 vam fer una passejada pel&hellip;  <a href=\"https:\/\/agora.xtec.cat\/ceippaucasals-hospitalet\/primaria\/celebrem-la-castanyada-a-valldepera\/\" title=\"Read CELEBREM LA CASTANYADA A VALLDEPERA\">Llegeix m\u00e9s\u00bb<\/a><\/p>\n","protected":false},"author":1,"featured_media":1114,"comment_status":"closed","ping_status":"closed","sticky":false,"template":"","format":"standard","meta":{"_bbp_topic_count":0,"_bbp_reply_count":0,"_bbp_total_topic_count":0,"_bbp_total_reply_count":0,"_bbp_voice_count":0,"_bbp_anonymous_reply_count":0,"_bbp_topic_count_hidden":0,"_bbp_reply_count_hidden":0,"_bbp_forum_subforum_count":0,"footnotes":""},"categories":[12,13,23,5],"tags":[],"class_list":["post-1098","post","type-post","status-publish","format-standard","has-post-thumbnail","hentry","category-3r","category-4t","category-cm","category-primaria"],"post_mailing_queue_ids":[],"_links":{"self":[{"href":"https:\/\/agora.xtec.cat\/ceippaucasals-hospitalet\/wp-json\/wp\/v2\/posts\/1098","targetHints":{"allow":["GET"]}}],"collection":[{"href":"https:\/\/agora.xtec.cat\/ceippaucasals-hospitalet\/wp-json\/wp\/v2\/posts"}],"about":[{"href":"https:\/\/agora.xtec.cat\/ceippaucasals-hospitalet\/wp-json\/wp\/v2\/types\/post"}],"author":[{"embeddable":true,"href":"https:\/\/agora.xtec.cat\/ceippaucasals-hospitalet\/wp-json\/wp\/v2\/users\/1"}],"replies":[{"embeddable":true,"href":"https:\/\/agora.xtec.cat\/ceippaucasals-hospitalet\/wp-json\/wp\/v2\/comments?post=1098"}],"version-history":[{"count":2,"href":"https:\/\/agora.xtec.cat\/ceippaucasals-hospitalet\/wp-json\/wp\/v2\/posts\/1098\/revisions"}],"predecessor-version":[{"id":1116,"href":"https:\/\/agora.xtec.cat\/ceippaucasals-hospitalet\/wp-json\/wp\/v2\/posts\/1098\/revisions\/1116"}],"wp:featuredmedia":[{"embeddable":true,"href":"https:\/\/agora.xtec.cat\/ceippaucasals-hospitalet\/wp-json\/wp\/v2\/media\/1114"}],"wp:attachment":[{"href":"https:\/\/agora.xtec.cat\/ceippaucasals-hospitalet\/wp-json\/wp\/v2\/media?parent=1098"}],"wp:term":[{"taxonomy":"category","embeddable":true,"href":"https:\/\/agora.xtec.cat\/ceippaucasals-hospitalet\/wp-json\/wp\/v2\/categories?post=1098"},{"taxonomy":"post_tag","embeddable":true,"href":"https:\/\/agora.xtec.cat\/ceippaucasals-hospitalet\/wp-json\/wp\/v2\/tags?post=1098"}],"curies":[{"name":"wp","href":"https:\/\/api.w.org\/{rel}","templated":true}]}}