{"id":998,"date":"2019-06-14T14:03:47","date_gmt":"2019-06-14T12:03:47","guid":{"rendered":"https:\/\/agora.xtec.cat\/ceipparealgue\/?p=998"},"modified":"2024-01-16T10:43:17","modified_gmt":"2024-01-16T09:43:17","slug":"tallers-deducacio-infantil","status":"publish","type":"post","link":"https:\/\/agora.xtec.cat\/ceipparealgue\/portada\/tallers-deducacio-infantil\/","title":{"rendered":"TALLERS D&#8217;EDUCACI\u00d3 INFANTIL"},"content":{"rendered":"<p>Durant la segona setmana de juny, al llarg de tres sessions, els alumnes de P3, P4 i P5, v\u00e0rem fer tres tallers molt interessants: cuina, danses i jocs de calma. Com sabeu, els tallers s\u00f3n activitats monogr\u00e0fiques, i que permeten barrejar els alumnes de les tres classes d&#8217;infantil; la qual cosa afavoreix, no nom\u00e9s a l&#8217;aprofundiment del tema com implica la pr\u00f2pia monografia, sin\u00f3 tamb\u00e9 submergir-nos en la diversitat i riquesa de tenir barrejats alumnes de tres edats diferents.<\/p>\n<p>Hem gaudit, hem apr\u00e8s, i ja esperem el proper curs per tornar-ne a organitzar m\u00e9s!<\/p>\n<p>Aqu\u00ed us deixem algunes fotografies d&#8217;aquests fant\u00e0stics tallers per\u00f2 properament us en publicarem m\u00e9s!<\/p>\n<p>Visca els tallers!<\/p>\n<p><a href=\"https:\/\/photos.app.goo.gl\/bUXByWS4TLaRJ9ZS7\"><img loading=\"lazy\" decoding=\"async\" class=\"alignnone size-large\" src=\"https:\/\/lh3.googleusercontent.com\/J6jl1qJKJqB46t40UMuWlkzb31JYcLB-W23rMeUeZI__BkQpcZPQ8b-bxDM3DdR3-xvV9qrjkDDWqiiG0ORryaerq7YjBLy4Jt4CFPgpJAyPhqtTYtsWMBvpepcCIh88_9wwaAlR9jSmsl1DScxXL2fihkKMGxdMSQ5AshEwWymppKbui7zIOV3uhd76I_L43Z8NAeUF4MF3oCti3t_VG7i7bjBf4BiwR2HWCs1CblD_GnizG5DzsMkCBqYgm8ggr0bxsBcZUosX511aNsoG6hXtlypSdxiGjQMhynDp9W-_dYj1m5vgdCF_3uKqxHKf_p8ebOy57xJf72S42CL7qAetmxWpp2GBOdK51k0Wc_Aq4XK2KxsOVsi1CiCQS3nowQ8pmPRFJeqaXpAAlSIFEvV-Dh771KVKc6eo13ydoIowOEaq6PIWiZRmds9kWl6OfZG3HYKiXu5vnYXrqVNqAvjWOfrzpD7m76WhwPflCTSZd5jt7oJaiGs3WEPK0cwuuQTYbBLDNH4zP87s36mWAZ7adWIUFwnZZCAvo1poo5R7ChGbPEDRw6x72DZmLRDvV-u9iIKnGAzxqxI0W6e8iJX8_jMJc5rLQVw5XP2UFgM886I3VQiwIEEtkUNw4R99pt9wfYnPQuvKQPnUQiW2tUny7lurkGGa_4QR2B_G6PNKuP2twEzATYIa4piWblPaxLvv3GwPjPY1AzG9JFtaSbY=w1095-h821-no\" width=\"1095\" height=\"821\" \/><\/a><\/p>\n<p>&nbsp;<\/p>\n","protected":false},"excerpt":{"rendered":"<p>Durant la segona setmana de juny, al llarg de tres sessions, els alumnes de P3, P4 i P5, v\u00e0rem fer tres tallers molt interessants: cuina, danses i jocs de calma. Com sabeu, els tallers s\u00f3n activitats monogr\u00e0fiques, i que permeten barrejar els alumnes de les&hellip;  <a href=\"https:\/\/agora.xtec.cat\/ceipparealgue\/portada\/tallers-deducacio-infantil\/\" title=\"Read TALLERS D&#8217;EDUCACI\u00d3 INFANTIL\">Llegeix m\u00e9s\u00bb<\/a><\/p>\n","protected":false},"author":1,"featured_media":0,"comment_status":"open","ping_status":"closed","sticky":false,"template":"","format":"standard","meta":{"_bbp_topic_count":0,"_bbp_reply_count":0,"_bbp_total_topic_count":0,"_bbp_total_reply_count":0,"_bbp_voice_count":0,"_bbp_anonymous_reply_count":0,"_bbp_topic_count_hidden":0,"_bbp_reply_count_hidden":0,"_bbp_forum_subforum_count":0,"footnotes":""},"categories":[4,10,9,8],"tags":[],"class_list":["post-998","post","type-post","status-publish","format-standard","hentry","category-portada","category-10","category-9","category-8"],"post_mailing_queue_ids":[],"_links":{"self":[{"href":"https:\/\/agora.xtec.cat\/ceipparealgue\/wp-json\/wp\/v2\/posts\/998","targetHints":{"allow":["GET"]}}],"collection":[{"href":"https:\/\/agora.xtec.cat\/ceipparealgue\/wp-json\/wp\/v2\/posts"}],"about":[{"href":"https:\/\/agora.xtec.cat\/ceipparealgue\/wp-json\/wp\/v2\/types\/post"}],"author":[{"embeddable":true,"href":"https:\/\/agora.xtec.cat\/ceipparealgue\/wp-json\/wp\/v2\/users\/1"}],"replies":[{"embeddable":true,"href":"https:\/\/agora.xtec.cat\/ceipparealgue\/wp-json\/wp\/v2\/comments?post=998"}],"version-history":[{"count":2,"href":"https:\/\/agora.xtec.cat\/ceipparealgue\/wp-json\/wp\/v2\/posts\/998\/revisions"}],"predecessor-version":[{"id":1003,"href":"https:\/\/agora.xtec.cat\/ceipparealgue\/wp-json\/wp\/v2\/posts\/998\/revisions\/1003"}],"wp:attachment":[{"href":"https:\/\/agora.xtec.cat\/ceipparealgue\/wp-json\/wp\/v2\/media?parent=998"}],"wp:term":[{"taxonomy":"category","embeddable":true,"href":"https:\/\/agora.xtec.cat\/ceipparealgue\/wp-json\/wp\/v2\/categories?post=998"},{"taxonomy":"post_tag","embeddable":true,"href":"https:\/\/agora.xtec.cat\/ceipparealgue\/wp-json\/wp\/v2\/tags?post=998"}],"curies":[{"name":"wp","href":"https:\/\/api.w.org\/{rel}","templated":true}]}}