{"id":996,"date":"2019-06-14T13:56:55","date_gmt":"2019-06-14T11:56:55","guid":{"rendered":"https:\/\/agora.xtec.cat\/ceipparealgue\/?p=996"},"modified":"2024-01-17T10:27:49","modified_gmt":"2024-01-17T09:27:49","slug":"tastet-de-musica-al-conservatori-p5","status":"publish","type":"post","link":"https:\/\/agora.xtec.cat\/ceipparealgue\/portada\/tastet-de-musica-al-conservatori-p5\/","title":{"rendered":"TASTET DE M\u00daSICA AL CONSERVATORI &#8211; P5"},"content":{"rendered":"<p>El dijous 13 de juny, vam anar a fer una fant\u00e0stica audici\u00f3 al Conservatori de Manresa amb els alumnes de P5. Els m\u00fasics ens van explicar una part de la hist\u00f2ria de Robert Shumman, tot fent-nos participar activament de la seva obra musical.<\/p>\n<p>Va ser molt divertit!<\/p>\n<p><a href=\"https:\/\/photos.app.goo.gl\/k8NXhdJu8T6So3LEA\"><img loading=\"lazy\" decoding=\"async\" class=\"alignnone size-large\" src=\"https:\/\/lh3.googleusercontent.com\/vdU4dg7-wLcdcJEdinr5DzqEdy9Xhf2g8bIPx2mmCUVePLufqONa_8u3K5t6giQCaxPgxFMUGxKl1gntEzHJSQZLdxU8da_H0UwSsD2E-RPwGvmM5jBxwOkT0TU0kiXxZFkgJ9BUd5n2lMad4LylC8KZ_FvbZQr0q_oH-_ivNEPvAadt9Uvpi67H2sYllN9Ha_zvp14aRtlnjXTMzwui1c2Z0ihZ16g9YB3fvwJWGPU8giNoBAqYxI9Q4SLzhagaJ8mRVMTaF-qnD6XIuk0Ywaj22ISPMCq5Ho4f92l7gmhU7xFuEQZYpixP9CmBFZypMPeXd3fY_D4rtiRatEvsw9204IKc56C0P3SD15FP1xxviYPB1O3y9dy8lIXiT-czBf3gJgJhhP9PUjNkIZsDnC458OVKnge0jLiAdZJMoUScfAe4P5VjWFLhp-X5PIxBzTymFO-TRfXbcKkRfn12hcKhyE_W7Tra7JCZABqb72gxt1tLFJ1u0VFR32cDe2NAe0s_BtPoIk2OokP0j_fu3vC0mMrXAqMwy-t8hJ6OCgHJAthHcJLseqZnnFDNk5gHz1A2GadC4pfeZlDzZmEcJWLXimZkCG_WXJ0h2Q31R9jtz4GzLfuTw8cC94YQDVOY93qdpqSFFltdQRzuESd310dcAROoEMGzPr8ihP8aB1nFVrv1g5kfYt71FZ47igs_OxarSA_m6Mco-du1L842uEA=w1095-h821-no\" width=\"1095\" height=\"821\" \/><\/a><\/p>\n<p>&nbsp;<\/p>\n","protected":false},"excerpt":{"rendered":"<p>El dijous 13 de juny, vam anar a fer una fant\u00e0stica audici\u00f3 al Conservatori de Manresa amb els alumnes de P5. Els m\u00fasics ens van explicar una part de la hist\u00f2ria de Robert Shumman, tot fent-nos participar activament de la seva obra musical.<br \/>\nVa ser molt&hellip;  <a href=\"https:\/\/agora.xtec.cat\/ceipparealgue\/portada\/tastet-de-musica-al-conservatori-p5\/\" title=\"Read TASTET DE M\u00daSICA AL CONSERVATORI &#8211; P5\">Llegeix m\u00e9s\u00bb<\/a><\/p>\n","protected":false},"author":1,"featured_media":0,"comment_status":"open","ping_status":"closed","sticky":false,"template":"","format":"standard","meta":{"_bbp_topic_count":0,"_bbp_reply_count":0,"_bbp_total_topic_count":0,"_bbp_total_reply_count":0,"_bbp_voice_count":0,"_bbp_anonymous_reply_count":0,"_bbp_topic_count_hidden":0,"_bbp_reply_count_hidden":0,"_bbp_forum_subforum_count":0,"footnotes":""},"categories":[4,10],"tags":[],"class_list":["post-996","post","type-post","status-publish","format-standard","hentry","category-portada","category-10"],"post_mailing_queue_ids":[],"_links":{"self":[{"href":"https:\/\/agora.xtec.cat\/ceipparealgue\/wp-json\/wp\/v2\/posts\/996","targetHints":{"allow":["GET"]}}],"collection":[{"href":"https:\/\/agora.xtec.cat\/ceipparealgue\/wp-json\/wp\/v2\/posts"}],"about":[{"href":"https:\/\/agora.xtec.cat\/ceipparealgue\/wp-json\/wp\/v2\/types\/post"}],"author":[{"embeddable":true,"href":"https:\/\/agora.xtec.cat\/ceipparealgue\/wp-json\/wp\/v2\/users\/1"}],"replies":[{"embeddable":true,"href":"https:\/\/agora.xtec.cat\/ceipparealgue\/wp-json\/wp\/v2\/comments?post=996"}],"version-history":[{"count":2,"href":"https:\/\/agora.xtec.cat\/ceipparealgue\/wp-json\/wp\/v2\/posts\/996\/revisions"}],"predecessor-version":[{"id":1004,"href":"https:\/\/agora.xtec.cat\/ceipparealgue\/wp-json\/wp\/v2\/posts\/996\/revisions\/1004"}],"wp:attachment":[{"href":"https:\/\/agora.xtec.cat\/ceipparealgue\/wp-json\/wp\/v2\/media?parent=996"}],"wp:term":[{"taxonomy":"category","embeddable":true,"href":"https:\/\/agora.xtec.cat\/ceipparealgue\/wp-json\/wp\/v2\/categories?post=996"},{"taxonomy":"post_tag","embeddable":true,"href":"https:\/\/agora.xtec.cat\/ceipparealgue\/wp-json\/wp\/v2\/tags?post=996"}],"curies":[{"name":"wp","href":"https:\/\/api.w.org\/{rel}","templated":true}]}}