{"id":965,"date":"2019-06-13T14:50:41","date_gmt":"2019-06-13T12:50:41","guid":{"rendered":"https:\/\/agora.xtec.cat\/ceipparealgue\/?p=965"},"modified":"2019-06-18T11:55:33","modified_gmt":"2019-06-18T09:55:33","slug":"alguns-alumnes-de-linstitut-guillem-cata-ens-venen-a-explicar-contes","status":"publish","type":"post","link":"https:\/\/agora.xtec.cat\/ceipparealgue\/infantil\/alguns-alumnes-de-linstitut-guillem-cata-ens-venen-a-explicar-contes\/","title":{"rendered":"ALUMNES DE L&#8217;INSTITUT GUILLEM CAT\u00c0 ENS VENEN A EXPLICAR CONTES!"},"content":{"rendered":"<p>Avui a Educaci\u00f3 Infantil i a l&#8217;Aula d&#8217;Acollida, hem rebut la visita d&#8217;alguns alumnes de 3r ESO de l&#8217;IES Guillem Cat\u00e0, que ens han vingut a explicar 3 contes que han creat, explicat i dramatitzat ells mateixos, sobre el medi ambient.<\/p>\n<p>Ha estat una col\u00b7laboraci\u00f3 molt positiva, que els nostres alumnes han gaudit; i tamb\u00e9, molt emocionant perqu\u00e8 quatre ex-alumnes de l&#8217;escola han tornat a les aules que fa anys eren les seves: el Mohamed, la Fatoumata, la Zineb i el Reda. Aquesta vegada han tornat a fer de mestres i ho han fet molt i molt b\u00e9.<\/p>\n<p>Ha estat una experi\u00e8ncia que alumnes, ex-alumnes, professors d&#8217;institut i mestres d&#8217;infantil hem valorat molt enriquidora. Qui sap, potser en un futur la repetirem?<\/p>\n<p>Estigueu atents a la web, on sempre hi ha not\u00edcies fresques!<\/p>\n<p>Gr\u00e0cies!<\/p>\n<p>Us deixen unes quantes imatges, cliqueu a la imatge per veure-les.<\/p>\n<div><a href=\"https:\/\/photos.app.goo.gl\/2Cc5K5xfZC8LMWaw5\"><img loading=\"lazy\" decoding=\"async\" class=\"alignnone size-large\" src=\"https:\/\/lh3.googleusercontent.com\/xFcUXKPa-al_dGMy54HB4Ke2gNWD_6vf0-YOSfr0Z2uuOnjMKXfYtGVezOW2wok_MNnsbt_3xvetUvsoJQf82pr4B5dKQ-Dn2An3yshoRwsLMj2oLYTZKbJ6mYyWVmXs9ceWeLbbTA4wtbLyv8_vC4fu-uIA629uOLrKVYj2hmeXCGFDAO05UhTrbaZbpZNYxglN4Ef5V_dlxHfSAEfHnFwOvzi33zhyWY15KtgYwmSSo5a99c9nvL4sfC8kx5_Coj8g7AnJU6ZsPS5nO50rX-GQKSeTBqcQbK49IgbrJ3_lTVdzTLuugoKP0Z--fBvMYI7a03oVpwyLu4S0qszGyrpAShG-oX3vtq3F1QYtOiUcZGckNu0EScTEtfibCdngkOTrlCDSPcqWzjwiYLv_hzEFx6s_f8P2WpJRwKsHOdMzBhFk8yseOwDzMbSCVYOMIVwkm7kgEzpgGnTiOHsQiTb6QtJpErie6HLJrjqWHmtoJBnkGt3QFbR3P8hfhDjZNvt3a50H1ySUpvSGG02r75zCVBEAmcTgNS4p0WduXrO0Z9MHbMnqGNgWlSQjlcdfZHEpBMkAFGC92-9oG1MTVeA3P5Phz2NZ-xYbF_zYMKg_Y3m4a_RJizlQHRHCbyMcKr4BC88AqZSdDXlp7OpSE2VaWF896g=w320-h240-no\" width=\"320\" height=\"240\" \/><\/a><\/div>\n<div><\/div>\n<div>Afegim un v\u00eddeo en el qu\u00e8 es veu com els alumnes del Guillem Cat\u00e0 ens expliquen un conte. \u00c9s un reportatge del Canal Taronja:<\/div>\n<div><\/div>\n<div>\n<p><iframe loading=\"lazy\" title=\"Ajudem al medi ambient a Manresa\" width=\"500\" height=\"281\" src=\"https:\/\/www.youtube.com\/embed\/p6LqTjPFa9M?feature=oembed\" frameborder=\"0\" allow=\"accelerometer; autoplay; clipboard-write; encrypted-media; gyroscope; picture-in-picture; web-share\" referrerpolicy=\"strict-origin-when-cross-origin\" allowfullscreen><\/iframe><\/p>\n<\/div>\n<div><\/div>\n","protected":false},"excerpt":{"rendered":"<p>Avui a Educaci\u00f3 Infantil i a l&#8217;Aula d&#8217;Acollida, hem rebut la visita d&#8217;alguns alumnes de 3r ESO de l&#8217;IES Guillem Cat\u00e0, que ens han vingut a explicar 3 contes que han creat, explicat i dramatitzat ells mateixos, sobre el medi ambient.<br \/>\nHa estat una col\u00b7laboraci\u00f3 molt&hellip;  <a href=\"https:\/\/agora.xtec.cat\/ceipparealgue\/infantil\/alguns-alumnes-de-linstitut-guillem-cata-ens-venen-a-explicar-contes\/\" title=\"Read ALUMNES DE L&#8217;INSTITUT GUILLEM CAT\u00c0 ENS VENEN A EXPLICAR CONTES!\">Llegeix m\u00e9s\u00bb<\/a><\/p>\n","protected":false},"author":1,"featured_media":0,"comment_status":"open","ping_status":"closed","sticky":false,"template":"","format":"standard","meta":{"_bbp_topic_count":0,"_bbp_reply_count":0,"_bbp_total_topic_count":0,"_bbp_total_reply_count":0,"_bbp_voice_count":0,"_bbp_anonymous_reply_count":0,"_bbp_topic_count_hidden":0,"_bbp_reply_count_hidden":0,"_bbp_forum_subforum_count":0,"footnotes":""},"categories":[2,4,9,8,3],"tags":[],"class_list":["post-965","post","type-post","status-publish","format-standard","hentry","category-infantil","category-portada","category-9","category-8","category-3"],"post_mailing_queue_ids":[],"_links":{"self":[{"href":"https:\/\/agora.xtec.cat\/ceipparealgue\/wp-json\/wp\/v2\/posts\/965","targetHints":{"allow":["GET"]}}],"collection":[{"href":"https:\/\/agora.xtec.cat\/ceipparealgue\/wp-json\/wp\/v2\/posts"}],"about":[{"href":"https:\/\/agora.xtec.cat\/ceipparealgue\/wp-json\/wp\/v2\/types\/post"}],"author":[{"embeddable":true,"href":"https:\/\/agora.xtec.cat\/ceipparealgue\/wp-json\/wp\/v2\/users\/1"}],"replies":[{"embeddable":true,"href":"https:\/\/agora.xtec.cat\/ceipparealgue\/wp-json\/wp\/v2\/comments?post=965"}],"version-history":[{"count":3,"href":"https:\/\/agora.xtec.cat\/ceipparealgue\/wp-json\/wp\/v2\/posts\/965\/revisions"}],"predecessor-version":[{"id":1009,"href":"https:\/\/agora.xtec.cat\/ceipparealgue\/wp-json\/wp\/v2\/posts\/965\/revisions\/1009"}],"wp:attachment":[{"href":"https:\/\/agora.xtec.cat\/ceipparealgue\/wp-json\/wp\/v2\/media?parent=965"}],"wp:term":[{"taxonomy":"category","embeddable":true,"href":"https:\/\/agora.xtec.cat\/ceipparealgue\/wp-json\/wp\/v2\/categories?post=965"},{"taxonomy":"post_tag","embeddable":true,"href":"https:\/\/agora.xtec.cat\/ceipparealgue\/wp-json\/wp\/v2\/tags?post=965"}],"curies":[{"name":"wp","href":"https:\/\/api.w.org\/{rel}","templated":true}]}}