{"id":962,"date":"2019-06-13T11:38:33","date_gmt":"2019-06-13T09:38:33","guid":{"rendered":"https:\/\/agora.xtec.cat\/ceipparealgue\/?p=962"},"modified":"2019-06-13T13:28:30","modified_gmt":"2019-06-13T11:28:30","slug":"inauguracio-del-cruyff-court","status":"publish","type":"post","link":"https:\/\/agora.xtec.cat\/ceipparealgue\/portada\/inauguracio-del-cruyff-court\/","title":{"rendered":"INAUGURACI\u00d3 DEL CRUYFF COURT"},"content":{"rendered":"<p>Ahir, 12 de juny, els alumnes de sis\u00e8 vam assistir a l&#8217;acte d&#8217;inauguraci\u00f3 del Cruyff Court juntament amb els alumnes de l&#8217;escola Renaixen\u00e7a.<\/p>\n<p>Vam tenir l&#8217;oportunitat de poder jugar un partit de futbol amb els companys de l&#8217;altre escola per tal de poder donar per inaugurat aquest espai. Ens ho vam passar molt b\u00e9 i va ser una gran experi\u00e8ncia.<\/p>\n<p>Podeu veure les fotografies d&#8217;aquest esdeveniment clicant a la seg\u00fcent imatge:<\/p>\n<p><a href=\"https:\/\/photos.app.goo.gl\/UmFdwZjDkyu9AovP9\"><img loading=\"lazy\" decoding=\"async\" class=\"size-large aligncenter\" src=\"https:\/\/lh3.googleusercontent.com\/qkS3rJGGmaNhpLScSHDupmI5gK64vHmE-bjf60Uh0-vJg-OdEoDeyOdHi6OckHf_KduL6LLXTIzTRdKFiWbZOuPn951_E1P7u0gNH7Mk2R83EJgHkkuiqPTo2ebb-1-Ma5nXB4ylrcHEKIYHNVeWLAyq3H2iDq_Y0fh2DrChTK0VeXTVjWo_avbVDIYrV2NUipU3ysBQLJymzPeHlhO3MtWI706rp2Wu-eKgS8WsQOtn2XPoBAoRLWwMYEYzvd5KBZ-5crhyL2SpyH2RfIY5pv8x-WUz1PTxMLinpJurGeL_PoVgfAyfvd4dpemvipM372fVs3slk5_ngoNZkfGRKsbcgADFPK_jtST7u2y3EKCeJ9Uy-Xs7g8Q2ruNtZk_ZhsyV-pBkMgvsNlOynZmxldG4sj1kyBb_G_zFW4EA2q7EX2cYvxSaTJuUdQr9YvwXz-CIH7b_R10XlSrvfwA-nYi7tUUJtX-BYPOO3uevDAxhvgJfQ0zSKATsEqcqpknK6FbBYgtWWnog9H41BCtQqKf67bfaO3VXu8mLv46hQnUHsVDal4HEbJro1sqUFatTBOXM5VMhwp7rsnwJNYe37M0UfohMl-2MUQ8dKs_5u8iRQ6fMhtT64f8R-foPNGn7QJsxLPkpedEH3czzxQsiWGuidMOHQg=w409-h306-no\" width=\"408\" height=\"306\" \/><\/a><\/p>\n<p>&nbsp;<\/p>\n","protected":false},"excerpt":{"rendered":"<p>Ahir, 12 de juny, els alumnes de sis\u00e8 vam assistir a l&#8217;acte d&#8217;inauguraci\u00f3 del Cruyff Court juntament amb els alumnes de l&#8217;escola Renaixen\u00e7a.<br \/>\nVam tenir l&#8217;oportunitat de poder jugar un partit de futbol amb els companys de l&#8217;altre escola per tal de poder donar per inaugurat&hellip;  <a href=\"https:\/\/agora.xtec.cat\/ceipparealgue\/portada\/inauguracio-del-cruyff-court\/\" title=\"Read INAUGURACI\u00d3 DEL CRUYFF COURT\">Llegeix m\u00e9s\u00bb<\/a><\/p>\n","protected":false},"author":1,"featured_media":0,"comment_status":"open","ping_status":"closed","sticky":false,"template":"","format":"standard","meta":{"_bbp_topic_count":0,"_bbp_reply_count":0,"_bbp_total_topic_count":0,"_bbp_total_reply_count":0,"_bbp_voice_count":0,"_bbp_anonymous_reply_count":0,"_bbp_topic_count_hidden":0,"_bbp_reply_count_hidden":0,"_bbp_forum_subforum_count":0,"footnotes":""},"categories":[63,4,15],"tags":[],"class_list":["post-962","post","type-post","status-publish","format-standard","hentry","category-ef","category-portada","category-15"],"post_mailing_queue_ids":[],"_links":{"self":[{"href":"https:\/\/agora.xtec.cat\/ceipparealgue\/wp-json\/wp\/v2\/posts\/962","targetHints":{"allow":["GET"]}}],"collection":[{"href":"https:\/\/agora.xtec.cat\/ceipparealgue\/wp-json\/wp\/v2\/posts"}],"about":[{"href":"https:\/\/agora.xtec.cat\/ceipparealgue\/wp-json\/wp\/v2\/types\/post"}],"author":[{"embeddable":true,"href":"https:\/\/agora.xtec.cat\/ceipparealgue\/wp-json\/wp\/v2\/users\/1"}],"replies":[{"embeddable":true,"href":"https:\/\/agora.xtec.cat\/ceipparealgue\/wp-json\/wp\/v2\/comments?post=962"}],"version-history":[{"count":2,"href":"https:\/\/agora.xtec.cat\/ceipparealgue\/wp-json\/wp\/v2\/posts\/962\/revisions"}],"predecessor-version":[{"id":964,"href":"https:\/\/agora.xtec.cat\/ceipparealgue\/wp-json\/wp\/v2\/posts\/962\/revisions\/964"}],"wp:attachment":[{"href":"https:\/\/agora.xtec.cat\/ceipparealgue\/wp-json\/wp\/v2\/media?parent=962"}],"wp:term":[{"taxonomy":"category","embeddable":true,"href":"https:\/\/agora.xtec.cat\/ceipparealgue\/wp-json\/wp\/v2\/categories?post=962"},{"taxonomy":"post_tag","embeddable":true,"href":"https:\/\/agora.xtec.cat\/ceipparealgue\/wp-json\/wp\/v2\/tags?post=962"}],"curies":[{"name":"wp","href":"https:\/\/api.w.org\/{rel}","templated":true}]}}