{"id":930,"date":"2019-06-08T18:11:03","date_gmt":"2019-06-08T16:11:03","guid":{"rendered":"https:\/\/agora.xtec.cat\/ceipparealgue\/?p=930"},"modified":"2019-06-13T23:35:36","modified_gmt":"2019-06-13T21:35:36","slug":"taller-de-robotica-a-cicle-mitja","status":"publish","type":"post","link":"https:\/\/agora.xtec.cat\/ceipparealgue\/portada\/taller-de-robotica-a-cicle-mitja\/","title":{"rendered":"TALLER DE ROB\u00d2TICA A CICLE MITJ\u00c0"},"content":{"rendered":"<p>Durant la setmana del 3 al 7 de juny hem realitzat diversos tallers, un dels quals ha sigut de rob\u00f2tica. Els alumnes de tercer i quart ens hem agrupat i hem apr\u00e9s a construir un robot, un helic\u00f2pter o b\u00e9 un cotxe de carreres utilitzant el Lego WeDo 2.0. Una vegada constru\u00efts, els hem programat perqu\u00e8 es moguessin i interactuessin amb nosaltres.<\/p>\n<p>Hem apr\u00e9s molt\u00edssim i ens ho hem passat molt b\u00e9.<\/p>\n<p>Si voleu veure&#8217;n m\u00e9s fotografies, cliqueu a la imatge.<\/p>\n<p><a href=\"https:\/\/photos.app.goo.gl\/ZF76ZuWCws9cktsA6\"><img loading=\"lazy\" decoding=\"async\" class=\"aligncenter\" src=\"https:\/\/lh3.googleusercontent.com\/1aKqi5iUxxeRnMjXfBEjVwzi-rTEJvXxQOKuymalADQdPtzFVqk4AhZGl-aNEAvzS9NtY8L3dDYNDug3zd3RQADP90z6YE_llbHCzoQxCcCAjy0nQ4w_D-6xJgyw3zN4tBhuhqiNxR5eBCH832ExfC47VSbYFeWsl_HT2ePId_kG2jrtXFZFcHV1zmBVxkJyd4wAwlUzDZfdKLeNmyU6EYpuexhAw6pRyEL-W24fqG4zg1f7vEQBEzy1RBvozjrVsyxPmkyPl6tUt-sMJC04saSq_9Zt_K50MMtvLyqAFXqTGQY8AlFeG6iO8Qrm3UOjkiGtg4Hw_aZrvbfoEbuGlelwAlkHVQh6Eh2aWfHkz6OY_h0lKV_2dKUgzewhxfNu4CIXfnIi6o38hesaDGW-4OH26d7NODcqYQ2RuXvD9pgV7OVGZDneMrkVrOqHo8QVShse_CaY7-fIucVZS0OzcWx6l5N6HtNNDSEx_B_NpQ_c0VFASVi5F9kjpXspp8vngS8VjYaYOIEakJTD603_ZlK1QmaRhJ3a0zIzYBXb6jhz0Ku6jXcjK3OWvM-NQZ9O9xsetJdax2IqTX5P14FCOB-Cjgqspt8fgKUjA0v0XwYZM20idKsnC_HO262yqK2zSLT7v15tUUYt0l5MDTPhVqFHSLcDPbxUS1JT4UTn0tp3MhaLCVz9CHUrUnZBE8icfLG6VO6qH03wMcG18Wh8bl0=w1258-h943-no\" width=\"711\" height=\"534\" \/><\/a><\/p>\n","protected":false},"excerpt":{"rendered":"<p>Durant la setmana del 3 al 7 de juny hem realitzat diversos tallers, un dels quals ha sigut de rob\u00f2tica. Els alumnes de tercer i quart ens hem agrupat i hem apr\u00e9s a construir un robot, un helic\u00f2pter o b\u00e9 un cotxe de carreres utilitzant&hellip;  <a href=\"https:\/\/agora.xtec.cat\/ceipparealgue\/portada\/taller-de-robotica-a-cicle-mitja\/\" title=\"Read TALLER DE ROB\u00d2TICA A CICLE MITJ\u00c0\">Llegeix m\u00e9s\u00bb<\/a><\/p>\n","protected":false},"author":1,"featured_media":0,"comment_status":"open","ping_status":"closed","sticky":false,"template":"","format":"standard","meta":{"_bbp_topic_count":0,"_bbp_reply_count":0,"_bbp_total_topic_count":0,"_bbp_total_reply_count":0,"_bbp_voice_count":0,"_bbp_anonymous_reply_count":0,"_bbp_topic_count_hidden":0,"_bbp_reply_count_hidden":0,"_bbp_forum_subforum_count":0,"footnotes":""},"categories":[4,12],"tags":[],"class_list":["post-930","post","type-post","status-publish","format-standard","hentry","category-portada","category-12"],"post_mailing_queue_ids":[],"_links":{"self":[{"href":"https:\/\/agora.xtec.cat\/ceipparealgue\/wp-json\/wp\/v2\/posts\/930","targetHints":{"allow":["GET"]}}],"collection":[{"href":"https:\/\/agora.xtec.cat\/ceipparealgue\/wp-json\/wp\/v2\/posts"}],"about":[{"href":"https:\/\/agora.xtec.cat\/ceipparealgue\/wp-json\/wp\/v2\/types\/post"}],"author":[{"embeddable":true,"href":"https:\/\/agora.xtec.cat\/ceipparealgue\/wp-json\/wp\/v2\/users\/1"}],"replies":[{"embeddable":true,"href":"https:\/\/agora.xtec.cat\/ceipparealgue\/wp-json\/wp\/v2\/comments?post=930"}],"version-history":[{"count":2,"href":"https:\/\/agora.xtec.cat\/ceipparealgue\/wp-json\/wp\/v2\/posts\/930\/revisions"}],"predecessor-version":[{"id":974,"href":"https:\/\/agora.xtec.cat\/ceipparealgue\/wp-json\/wp\/v2\/posts\/930\/revisions\/974"}],"wp:attachment":[{"href":"https:\/\/agora.xtec.cat\/ceipparealgue\/wp-json\/wp\/v2\/media?parent=930"}],"wp:term":[{"taxonomy":"category","embeddable":true,"href":"https:\/\/agora.xtec.cat\/ceipparealgue\/wp-json\/wp\/v2\/categories?post=930"},{"taxonomy":"post_tag","embeddable":true,"href":"https:\/\/agora.xtec.cat\/ceipparealgue\/wp-json\/wp\/v2\/tags?post=930"}],"curies":[{"name":"wp","href":"https:\/\/api.w.org\/{rel}","templated":true}]}}