{"id":907,"date":"2019-06-05T22:08:11","date_gmt":"2019-06-05T20:08:11","guid":{"rendered":"https:\/\/agora.xtec.cat\/ceipparealgue\/?p=907"},"modified":"2019-06-06T14:08:58","modified_gmt":"2019-06-06T12:08:58","slug":"taller-de-danses-catalanes","status":"publish","type":"post","link":"https:\/\/agora.xtec.cat\/ceipparealgue\/portada\/taller-de-danses-catalanes\/","title":{"rendered":"TALLER DE DANSES CATALANES"},"content":{"rendered":"<p>Dimarts 4 de juny\u00a0 va tenir lloc la sessi\u00f3 final del Taller de danses catalanes. Aquest taller est\u00e0 dirigit per monitores de l&#8217;Agrupaci\u00f3 Cultural del Bages.<\/p>\n<p>Si voleu veure m\u00e9s fotografies cliqueu la imatge.<\/p>\n<p><a href=\"https:\/\/photos.google.com\/share\/AF1QipNtRrlBCQ-2eWA0G49c7tKM6LJGDogIy3bDQAph81K5CDSJ5UfCgip-N-On2pH7ew?key=bktNMlFvbHV0NklhME9QbmhVczJ2MDB1WkZIendB\"><img loading=\"lazy\" decoding=\"async\" class=\"aligncenter\" src=\"https:\/\/lh3.googleusercontent.com\/uIFjSEVA7qKdaM4MUumv4u1Vise-9SalpAKgErXLs3a3B7fi0T39-ZkFq1Vu8lZqVd-rFzCOCCaczysGZs9hK_qA85GRm9Zm1UyKc-NRuaFjdWH7Fb7jp3d-qoFDajO8yUyYbuR1K1XZ8HGeBMWdPMOA_UBi5FRz7B7z6tEms309PybqiHcjA88uH0fmlolbLYNoeKeB5j8pkvQ-c3bstuioQSkAMfwMAxmu-Ws4QXLcZeEeqE26fZxj2Sol6xfjBZm5ZhbFMmARSxDro6e9isPjhkk922NQljYd_F4sqWLIRn2w0WLQaAZpi4aOcuJ2lhyz_RYivig9KeXkBGOy-ti9e27jP2WZGG69840lt1ckW_Aqk0mk8hMip-kXOcX0FoIgdPrjgN_cG84qAqSkZmGRyNobkYwA6Bw67hokHDMJX7UIi7QZre0jV_xYo0SwIPCbw9gkr05Ir5eDBampNmuPO3qU73RXLaAC9wAWBT8ynDDJ92__mdxEzB76l7EIK_coDRyXJDwRZZZqmkxW2YrSqzxcyolLx1HkHIcp9P3vbRRDBMtjAp1AiDo7y-Tf2QKkzNacJE6RqL7-1GKGk8X9cB1HKEd9Clu7utQZdDN49xyiqE9k2154QIFrJ0aBqYA3LEia0rlt7XkvSY3CvZGWiR4J88KoE8g8rY-wBSlX32F41EK1sNGGefu_z6KTffFQxbpflXICdhkhhco9epkL=w1002-h751-no\" width=\"488\" height=\"366\" \/><\/a><\/p>\n","protected":false},"excerpt":{"rendered":"<p>Dimarts 4 de juny\u00a0 va tenir lloc la sessi\u00f3 final del Taller de danses catalanes. Aquest taller est\u00e0 dirigit per monitores de l&#8217;Agrupaci\u00f3 Cultural del Bages.<br \/>\nSi voleu veure m\u00e9s fotografies cliqueu la imatge.<br \/>\n<a href=\"https:\/\/photos.google.com\/share\/AF1QipNtRrlBCQ-2eWA0G49c7tKM6LJGDogIy3bDQAph81K5CDSJ5UfCgip-N-On2pH7ew?key=bktNMlFvbHV0NklhME9QbmhVczJ2MDB1WkZIendB\"><\/a><\/p>\n","protected":false},"author":1,"featured_media":0,"comment_status":"open","ping_status":"closed","sticky":false,"template":"","format":"standard","meta":{"_bbp_topic_count":0,"_bbp_reply_count":0,"_bbp_total_topic_count":0,"_bbp_total_reply_count":0,"_bbp_voice_count":0,"_bbp_anonymous_reply_count":0,"_bbp_topic_count_hidden":0,"_bbp_reply_count_hidden":0,"_bbp_forum_subforum_count":0,"footnotes":""},"categories":[4,5],"tags":[],"class_list":["post-907","post","type-post","status-publish","format-standard","hentry","category-portada","category-primaria"],"post_mailing_queue_ids":[],"_links":{"self":[{"href":"https:\/\/agora.xtec.cat\/ceipparealgue\/wp-json\/wp\/v2\/posts\/907","targetHints":{"allow":["GET"]}}],"collection":[{"href":"https:\/\/agora.xtec.cat\/ceipparealgue\/wp-json\/wp\/v2\/posts"}],"about":[{"href":"https:\/\/agora.xtec.cat\/ceipparealgue\/wp-json\/wp\/v2\/types\/post"}],"author":[{"embeddable":true,"href":"https:\/\/agora.xtec.cat\/ceipparealgue\/wp-json\/wp\/v2\/users\/1"}],"replies":[{"embeddable":true,"href":"https:\/\/agora.xtec.cat\/ceipparealgue\/wp-json\/wp\/v2\/comments?post=907"}],"version-history":[{"count":3,"href":"https:\/\/agora.xtec.cat\/ceipparealgue\/wp-json\/wp\/v2\/posts\/907\/revisions"}],"predecessor-version":[{"id":914,"href":"https:\/\/agora.xtec.cat\/ceipparealgue\/wp-json\/wp\/v2\/posts\/907\/revisions\/914"}],"wp:attachment":[{"href":"https:\/\/agora.xtec.cat\/ceipparealgue\/wp-json\/wp\/v2\/media?parent=907"}],"wp:term":[{"taxonomy":"category","embeddable":true,"href":"https:\/\/agora.xtec.cat\/ceipparealgue\/wp-json\/wp\/v2\/categories?post=907"},{"taxonomy":"post_tag","embeddable":true,"href":"https:\/\/agora.xtec.cat\/ceipparealgue\/wp-json\/wp\/v2\/tags?post=907"}],"curies":[{"name":"wp","href":"https:\/\/api.w.org\/{rel}","templated":true}]}}