{"id":901,"date":"2019-06-04T16:40:54","date_gmt":"2019-06-04T14:40:54","guid":{"rendered":"https:\/\/agora.xtec.cat\/ceipparealgue\/?p=901"},"modified":"2019-06-06T14:10:51","modified_gmt":"2019-06-06T12:10:51","slug":"cantata-llagrimes-de-cocodril","status":"publish","type":"post","link":"https:\/\/agora.xtec.cat\/ceipparealgue\/portada\/cantata-llagrimes-de-cocodril\/","title":{"rendered":"CANTATA LL\u00c0GRIMES DE COCODRIL"},"content":{"rendered":"<p>Dilluns 3 de juny, els alumnes de 2n, van interpretar la cantata Ll\u00e0grimes de cocodril : cantata per a cor de veus blanques i piano sobre un conte d&#8217;en Pep Molist i amb m\u00fasica d&#8217;en Gerard L\u00f3pez. Dirigits per la Marta Ballesteros i amb l&#8217;acompanyament al teclat del David Sis\u00f3. Va ser molt emocionant.<\/p>\n<p>Cliqueu a la imatge per veure&#8217;n m\u00e9s fotografies.<\/p>\n<p><a href=\"https:\/\/photos.app.goo.gl\/LNCAXQZah9WqLJxEA\"><img loading=\"lazy\" decoding=\"async\" class=\"aligncenter\" src=\"https:\/\/lh3.googleusercontent.com\/dv0PnFX6B1LMlJZyPsI6PbEuLb5o5K_NMZLJ5Nug8wnNBQCLFRIEyxz9b6fzMcZqduz8Imc4k8tGK34u2x4g0zD-R7gjrKpk7oSOxwtSHDX4xAm0PMvKKX9bLO_qsdX0FR0AHfZLlD78Pl7p9cVIJeWKDcsGWWhIVFXrJ5-CYO2us1zaGa1AW3Yd3VitLE4Ip3j3JKqQQbA5XsjO5V_NIkwcDRwIMnbMyeAfSRxcMOchCC9uIiO3uTz6sGWEDarUvGP7Iyp0BUCCuiFTwkZ6PIKGmWE7JdwFOqFWxyt56BbkivoqnK1Al8qx1ayowXSgMJpwwawRfpq7C8UdgkQWCt72eRpO3NbEnPSdP2NcT0Bu_m0dSQNP1dt4jU-K9_YFZgOQWk76O1EDjXMjveOkUF4_E7CjgXAk_G8A-_-cbd4HhLeb8Qg5eeDznWEyyyF8hjg0ONOnPy9B8gsnFTjepY5bAH34RFD0wdjKjD5JoIzTaQ6vX1UsY8ERxsB-NDlY3Lwi39DgScMjV_3F0e2OZ57YoXXGzcxk5g3Ssg7xNqZmXldCS0rBNcYi3Ie3ty0ya-WGo8IIziiJvKlxaDx_ZNjTM8HrySwSUs0LJe6xKUCj5fSdXpXDjnB51SG4NnlhuZgOPdBQC5ppI5VDM9Ix9DafrmiNCqNcuVxvLBfIg2wrzz1RDBqkISUPPbz4xIjAjymNIDJhQdFh0eB5a4Dgr56s=w1002-h751-no\" width=\"419\" height=\"314\" \/><\/a><\/p>\n","protected":false},"excerpt":{"rendered":"<p>Dilluns 3 de juny, els alumnes de 2n, van interpretar la cantata Ll\u00e0grimes de cocodril : cantata per a cor de veus blanques i piano sobre un conte d&#8217;en Pep Molist i amb m\u00fasica d&#8217;en Gerard L\u00f3pez. Dirigits per la Marta Ballesteros i amb l&#8217;acompanyament&hellip;  <a href=\"https:\/\/agora.xtec.cat\/ceipparealgue\/portada\/cantata-llagrimes-de-cocodril\/\" title=\"Read CANTATA LL\u00c0GRIMES DE COCODRIL\">Llegeix m\u00e9s\u00bb<\/a><\/p>\n","protected":false},"author":1,"featured_media":0,"comment_status":"open","ping_status":"closed","sticky":false,"template":"","format":"standard","meta":{"_bbp_topic_count":0,"_bbp_reply_count":0,"_bbp_total_topic_count":0,"_bbp_total_reply_count":0,"_bbp_voice_count":0,"_bbp_anonymous_reply_count":0,"_bbp_topic_count_hidden":0,"_bbp_reply_count_hidden":0,"_bbp_forum_subforum_count":0,"footnotes":""},"categories":[60,4,11],"tags":[],"class_list":["post-901","post","type-post","status-publish","format-standard","hentry","category-pizzicants","category-portada","category-11"],"post_mailing_queue_ids":[],"_links":{"self":[{"href":"https:\/\/agora.xtec.cat\/ceipparealgue\/wp-json\/wp\/v2\/posts\/901","targetHints":{"allow":["GET"]}}],"collection":[{"href":"https:\/\/agora.xtec.cat\/ceipparealgue\/wp-json\/wp\/v2\/posts"}],"about":[{"href":"https:\/\/agora.xtec.cat\/ceipparealgue\/wp-json\/wp\/v2\/types\/post"}],"author":[{"embeddable":true,"href":"https:\/\/agora.xtec.cat\/ceipparealgue\/wp-json\/wp\/v2\/users\/1"}],"replies":[{"embeddable":true,"href":"https:\/\/agora.xtec.cat\/ceipparealgue\/wp-json\/wp\/v2\/comments?post=901"}],"version-history":[{"count":3,"href":"https:\/\/agora.xtec.cat\/ceipparealgue\/wp-json\/wp\/v2\/posts\/901\/revisions"}],"predecessor-version":[{"id":915,"href":"https:\/\/agora.xtec.cat\/ceipparealgue\/wp-json\/wp\/v2\/posts\/901\/revisions\/915"}],"wp:attachment":[{"href":"https:\/\/agora.xtec.cat\/ceipparealgue\/wp-json\/wp\/v2\/media?parent=901"}],"wp:term":[{"taxonomy":"category","embeddable":true,"href":"https:\/\/agora.xtec.cat\/ceipparealgue\/wp-json\/wp\/v2\/categories?post=901"},{"taxonomy":"post_tag","embeddable":true,"href":"https:\/\/agora.xtec.cat\/ceipparealgue\/wp-json\/wp\/v2\/tags?post=901"}],"curies":[{"name":"wp","href":"https:\/\/api.w.org\/{rel}","templated":true}]}}