{"id":832,"date":"2019-05-22T09:01:38","date_gmt":"2019-05-22T07:01:38","guid":{"rendered":"https:\/\/agora.xtec.cat\/ceipparealgue\/?p=832"},"modified":"2019-06-11T19:03:15","modified_gmt":"2019-06-11T17:03:15","slug":"les-nostres-fotografies-abans-de-lactuacio-del-circ","status":"publish","type":"post","link":"https:\/\/agora.xtec.cat\/ceipparealgue\/portada\/les-nostres-fotografies-abans-de-lactuacio-del-circ\/","title":{"rendered":"LES NOSTRES FOTOGRAFIES ABANS DE L&#8217;ACTUACI\u00d3 DEL CIRC"},"content":{"rendered":"<p>Ahir, 20 de maig de 2019 vam fer la representaci\u00f3 del circ que hem estat preparant molt temps i, que ja ten\u00edem moltes ganes d&#8217;ensenyar-ho als pares.<\/p>\n<p>A continuaci\u00f3 teniu l&#8217;enlla\u00e7 per veure les fotografies que ens vam fer abans de marxar cap a l&#8217;escenari. Ens ho vam passar molt b\u00e9 i vam riure molt! Al principi est\u00e0vem una mica nerviosos per\u00f2 vam deixar tots els nervis a l&#8217;aula per poder-ho gaudir molt!<\/p>\n<p>Enhorabona Circ de les Estrelles!!<\/p>\n<p>En podeu veure les fotografies clicant a la imatge.<\/p>\n<p><a href=\"https:\/\/photos.app.goo.gl\/978LUDCbae36uBjR9\"><img loading=\"lazy\" decoding=\"async\" class=\"size-large aligncenter\" src=\"https:\/\/lh3.googleusercontent.com\/FnPzYNQf_442M5KtrDZBgNlKjO4NKYqqnYl6bpTWtOB8_OUdt2B_m-srBXGaxeulflcxeKbHDT0Ioa0lP2G5oF8F-9N5RV9D52Amwy5Rnt8e1352oNr9ReqXuglzRcAac3afPD_OWOqO5E0KhLCB33RQnTLS-4amC7lfD_UfYNpuXieNGVygpF5oLGEz5ReUyUIhKsmujQTg750cJNLZX0gLteJzC7cD3CwEMuKWQVAeklSVvXhzqL1BobubDjyAMTBDQmfLojT216jcNwTvq-kr7ReiqlDqos5NoxR_XBLfVWeZuHvJgMkk4odei5tYBMIJ0bEbSvSGOLEIUZCikxNqaPuJ5zJK_E8GL2D9KjaQtqjGlcyX7-rfdEv98LH6ZjQDFKi6MeGeZP3O5P5UqN9GBirUXvbak_AEQrYofzWXgjhAlTWlsUoF-g1RZO6stCWJX3tKkB8aZ2pfig5dZroUjTBXW_ocLxcLeV4n4_99AVGTJTzKYMyUCNe5W6WCgoVPGSzpQLWGuJQS1F6DinCSGIz47GHabYUKHvAu-a0FbLHmL6bwNmlRjSO6mktnUz-K8VHQZYxfqUdLl_taUKyrIxTUEZUOEuV_qtWMV4S8XUuGcQtl32cKpuUS3NE-pflbJ6WdsNuoJ3_3nmISo3ooz6B1AtM=w478-h358-no\" width=\"477\" height=\"358\" \/><\/a><\/p>\n","protected":false},"excerpt":{"rendered":"<p>Ahir, 20 de maig de 2019 vam fer la representaci\u00f3 del circ que hem estat preparant molt temps i, que ja ten\u00edem moltes ganes d&#8217;ensenyar-ho als pares.<br \/>\nA continuaci\u00f3 teniu l&#8217;enlla\u00e7 per veure les fotografies que ens vam fer abans de marxar cap a l&#8217;escenari. Ens&hellip;  <a href=\"https:\/\/agora.xtec.cat\/ceipparealgue\/portada\/les-nostres-fotografies-abans-de-lactuacio-del-circ\/\" title=\"Read LES NOSTRES FOTOGRAFIES ABANS DE L&#8217;ACTUACI\u00d3 DEL CIRC\">Llegeix m\u00e9s\u00bb<\/a><\/p>\n","protected":false},"author":1,"featured_media":0,"comment_status":"open","ping_status":"closed","sticky":false,"template":"","format":"standard","meta":{"_bbp_topic_count":0,"_bbp_reply_count":0,"_bbp_total_topic_count":0,"_bbp_total_reply_count":0,"_bbp_voice_count":0,"_bbp_anonymous_reply_count":0,"_bbp_topic_count_hidden":0,"_bbp_reply_count_hidden":0,"_bbp_forum_subforum_count":0,"footnotes":""},"categories":[4,12],"tags":[],"class_list":["post-832","post","type-post","status-publish","format-standard","hentry","category-portada","category-12"],"post_mailing_queue_ids":[],"_links":{"self":[{"href":"https:\/\/agora.xtec.cat\/ceipparealgue\/wp-json\/wp\/v2\/posts\/832","targetHints":{"allow":["GET"]}}],"collection":[{"href":"https:\/\/agora.xtec.cat\/ceipparealgue\/wp-json\/wp\/v2\/posts"}],"about":[{"href":"https:\/\/agora.xtec.cat\/ceipparealgue\/wp-json\/wp\/v2\/types\/post"}],"author":[{"embeddable":true,"href":"https:\/\/agora.xtec.cat\/ceipparealgue\/wp-json\/wp\/v2\/users\/1"}],"replies":[{"embeddable":true,"href":"https:\/\/agora.xtec.cat\/ceipparealgue\/wp-json\/wp\/v2\/comments?post=832"}],"version-history":[{"count":3,"href":"https:\/\/agora.xtec.cat\/ceipparealgue\/wp-json\/wp\/v2\/posts\/832\/revisions"}],"predecessor-version":[{"id":955,"href":"https:\/\/agora.xtec.cat\/ceipparealgue\/wp-json\/wp\/v2\/posts\/832\/revisions\/955"}],"wp:attachment":[{"href":"https:\/\/agora.xtec.cat\/ceipparealgue\/wp-json\/wp\/v2\/media?parent=832"}],"wp:term":[{"taxonomy":"category","embeddable":true,"href":"https:\/\/agora.xtec.cat\/ceipparealgue\/wp-json\/wp\/v2\/categories?post=832"},{"taxonomy":"post_tag","embeddable":true,"href":"https:\/\/agora.xtec.cat\/ceipparealgue\/wp-json\/wp\/v2\/tags?post=832"}],"curies":[{"name":"wp","href":"https:\/\/api.w.org\/{rel}","templated":true}]}}