{"id":744,"date":"2019-05-03T09:22:12","date_gmt":"2019-05-03T07:22:12","guid":{"rendered":"https:\/\/agora.xtec.cat\/ceipparealgue\/?p=744"},"modified":"2019-06-13T23:37:35","modified_gmt":"2019-06-13T21:37:35","slug":"fem-taller-de-prevencio-del-bullying","status":"publish","type":"post","link":"https:\/\/agora.xtec.cat\/ceipparealgue\/portada\/fem-taller-de-prevencio-del-bullying\/","title":{"rendered":"FEM TALLER DE PREVENCI\u00d3 DE BULLYING!"},"content":{"rendered":"<p>Ahir vam fer un taller per la prevenci\u00f3 del bullying amb la fundaci\u00f3 del Bar\u00e7a. Si voleu veure les fotos, cliqueu el seg\u00fcent enlla\u00e7:<\/p>\n<p><a href=\"https:\/\/photos.app.goo.gl\/eFMZ9rfNrwej6Vuf7\">https:\/\/photos.app.goo.gl\/iyLQGqHENwDrT6wr9<\/a><\/p>\n<p>&nbsp;<\/p>\n","protected":false},"excerpt":{"rendered":"<p>Ahir vam fer un taller per la prevenci\u00f3 del bullying amb la fundaci\u00f3 del Bar\u00e7a. Si voleu veure les fotos, cliqueu el seg\u00fcent enlla\u00e7:<br \/>\n<a href=\"https:\/\/photos.app.goo.gl\/eFMZ9rfNrwej6Vuf7\">https:\/\/photos.app.goo.gl\/iyLQGqHENwDrT6wr9<\/a><br \/>\n&nbsp;<\/p>\n","protected":false},"author":1,"featured_media":0,"comment_status":"open","ping_status":"closed","sticky":false,"template":"","format":"standard","meta":{"_bbp_topic_count":0,"_bbp_reply_count":0,"_bbp_total_topic_count":0,"_bbp_total_reply_count":0,"_bbp_voice_count":0,"_bbp_anonymous_reply_count":0,"_bbp_topic_count_hidden":0,"_bbp_reply_count_hidden":0,"_bbp_forum_subforum_count":0,"footnotes":""},"categories":[4,14,59],"tags":[],"class_list":["post-744","post","type-post","status-publish","format-standard","hentry","category-portada","category-2008-a","category-2008-b"],"post_mailing_queue_ids":[],"_links":{"self":[{"href":"https:\/\/agora.xtec.cat\/ceipparealgue\/wp-json\/wp\/v2\/posts\/744","targetHints":{"allow":["GET"]}}],"collection":[{"href":"https:\/\/agora.xtec.cat\/ceipparealgue\/wp-json\/wp\/v2\/posts"}],"about":[{"href":"https:\/\/agora.xtec.cat\/ceipparealgue\/wp-json\/wp\/v2\/types\/post"}],"author":[{"embeddable":true,"href":"https:\/\/agora.xtec.cat\/ceipparealgue\/wp-json\/wp\/v2\/users\/1"}],"replies":[{"embeddable":true,"href":"https:\/\/agora.xtec.cat\/ceipparealgue\/wp-json\/wp\/v2\/comments?post=744"}],"version-history":[{"count":3,"href":"https:\/\/agora.xtec.cat\/ceipparealgue\/wp-json\/wp\/v2\/posts\/744\/revisions"}],"predecessor-version":[{"id":982,"href":"https:\/\/agora.xtec.cat\/ceipparealgue\/wp-json\/wp\/v2\/posts\/744\/revisions\/982"}],"wp:attachment":[{"href":"https:\/\/agora.xtec.cat\/ceipparealgue\/wp-json\/wp\/v2\/media?parent=744"}],"wp:term":[{"taxonomy":"category","embeddable":true,"href":"https:\/\/agora.xtec.cat\/ceipparealgue\/wp-json\/wp\/v2\/categories?post=744"},{"taxonomy":"post_tag","embeddable":true,"href":"https:\/\/agora.xtec.cat\/ceipparealgue\/wp-json\/wp\/v2\/tags?post=744"}],"curies":[{"name":"wp","href":"https:\/\/api.w.org\/{rel}","templated":true}]}}