{"id":734,"date":"2019-05-02T16:39:49","date_gmt":"2019-05-02T14:39:49","guid":{"rendered":"https:\/\/agora.xtec.cat\/ceipparealgue\/?p=734"},"modified":"2019-06-13T23:37:44","modified_gmt":"2019-06-13T21:37:44","slug":"taller-contraelbullying-de-la-fundacio-barca","status":"publish","type":"post","link":"https:\/\/agora.xtec.cat\/ceipparealgue\/portada\/taller-contraelbullying-de-la-fundacio-barca\/","title":{"rendered":"TALLER #ContraElBullying DE LA FUNDACI\u00d3 BAR\u00c7AKIDS"},"content":{"rendered":"<p>Avui al mat\u00ed hem tingut l&#8217;oportunitat d&#8217;escoltar una xerrada de la Fundaci\u00f3 Bar\u00e7a titulada: #ContraElBullying. Ha sigut molt interessant i despr\u00e9s hem fet dos jocs per saber com es senten els nens i les nenes que pateixen Bullying.<\/p>\n<p>Podeu consultar les fotografies d&#8217;aquest taller al seg\u00fcent <a href=\"https:\/\/photos.app.goo.gl\/HWEvaSs3s9E1Pkdi8\">enlla\u00e7.<\/a><\/p>\n<p><a href=\"https:\/\/agora.xtec.cat\/ceipparealgue\/wp-content\/uploads\/usu157\/2019\/05\/IMG_7150.jpeg\"><img loading=\"lazy\" decoding=\"async\" class=\"alignnone  wp-image-736\" src=\"https:\/\/agora.xtec.cat\/ceipparealgue\/wp-content\/uploads\/usu157\/2019\/05\/IMG_7150-1024x768.jpeg\" alt=\"\" width=\"506\" height=\"379\" srcset=\"https:\/\/agora.xtec.cat\/ceipparealgue\/wp-content\/uploads\/usu157\/2019\/05\/IMG_7150-1024x768.jpeg 1024w, https:\/\/agora.xtec.cat\/ceipparealgue\/wp-content\/uploads\/usu157\/2019\/05\/IMG_7150-300x225.jpeg 300w, https:\/\/agora.xtec.cat\/ceipparealgue\/wp-content\/uploads\/usu157\/2019\/05\/IMG_7150-768x576.jpeg 768w, https:\/\/agora.xtec.cat\/ceipparealgue\/wp-content\/uploads\/usu157\/2019\/05\/IMG_7150-200x150.jpeg 200w, https:\/\/agora.xtec.cat\/ceipparealgue\/wp-content\/uploads\/usu157\/2019\/05\/IMG_7150.jpeg 2048w\" sizes=\"auto, (max-width: 506px) 100vw, 506px\" \/><\/a><\/p>\n","protected":false},"excerpt":{"rendered":"<p>Avui al mat\u00ed hem tingut l&#8217;oportunitat d&#8217;escoltar una xerrada de la Fundaci\u00f3 Bar\u00e7a titulada: #ContraElBullying. Ha sigut molt interessant i despr\u00e9s hem fet dos jocs per saber com es senten els nens i les nenes que pateixen Bullying.<br \/>\nPodeu consultar les fotografies d&#8217;aquest taller al seg\u00fcent&hellip;  <a href=\"https:\/\/agora.xtec.cat\/ceipparealgue\/portada\/taller-contraelbullying-de-la-fundacio-barca\/\" title=\"Read TALLER #ContraElBullying DE LA FUNDACI\u00d3 BAR\u00c7AKIDS\">Llegeix m\u00e9s\u00bb<\/a><\/p>\n","protected":false},"author":1,"featured_media":0,"comment_status":"open","ping_status":"closed","sticky":false,"template":"","format":"standard","meta":{"_bbp_topic_count":0,"_bbp_reply_count":0,"_bbp_total_topic_count":0,"_bbp_total_reply_count":0,"_bbp_voice_count":0,"_bbp_anonymous_reply_count":0,"_bbp_topic_count_hidden":0,"_bbp_reply_count_hidden":0,"_bbp_forum_subforum_count":0,"footnotes":""},"categories":[4,12],"tags":[],"class_list":["post-734","post","type-post","status-publish","format-standard","hentry","category-portada","category-12"],"post_mailing_queue_ids":[],"_links":{"self":[{"href":"https:\/\/agora.xtec.cat\/ceipparealgue\/wp-json\/wp\/v2\/posts\/734","targetHints":{"allow":["GET"]}}],"collection":[{"href":"https:\/\/agora.xtec.cat\/ceipparealgue\/wp-json\/wp\/v2\/posts"}],"about":[{"href":"https:\/\/agora.xtec.cat\/ceipparealgue\/wp-json\/wp\/v2\/types\/post"}],"author":[{"embeddable":true,"href":"https:\/\/agora.xtec.cat\/ceipparealgue\/wp-json\/wp\/v2\/users\/1"}],"replies":[{"embeddable":true,"href":"https:\/\/agora.xtec.cat\/ceipparealgue\/wp-json\/wp\/v2\/comments?post=734"}],"version-history":[{"count":3,"href":"https:\/\/agora.xtec.cat\/ceipparealgue\/wp-json\/wp\/v2\/posts\/734\/revisions"}],"predecessor-version":[{"id":983,"href":"https:\/\/agora.xtec.cat\/ceipparealgue\/wp-json\/wp\/v2\/posts\/734\/revisions\/983"}],"wp:attachment":[{"href":"https:\/\/agora.xtec.cat\/ceipparealgue\/wp-json\/wp\/v2\/media?parent=734"}],"wp:term":[{"taxonomy":"category","embeddable":true,"href":"https:\/\/agora.xtec.cat\/ceipparealgue\/wp-json\/wp\/v2\/categories?post=734"},{"taxonomy":"post_tag","embeddable":true,"href":"https:\/\/agora.xtec.cat\/ceipparealgue\/wp-json\/wp\/v2\/tags?post=734"}],"curies":[{"name":"wp","href":"https:\/\/api.w.org\/{rel}","templated":true}]}}