{"id":698,"date":"2019-04-24T08:53:27","date_gmt":"2019-04-24T06:53:27","guid":{"rendered":"https:\/\/agora.xtec.cat\/ceipparealgue\/?p=698"},"modified":"2019-05-22T20:57:33","modified_gmt":"2019-05-22T18:57:33","slug":"actuacio-dels-pizzicants-en-la-inauguracio-del-projecte-biblionius","status":"publish","type":"post","link":"https:\/\/agora.xtec.cat\/ceipparealgue\/portada\/actuacio-dels-pizzicants-en-la-inauguracio-del-projecte-biblionius\/","title":{"rendered":"ACTUACI\u00d3 DELS PIZZICANTS EN LA INAUGURACI\u00d3 DEL PROJECTE &#8220;BIBLIONIUS&#8221;"},"content":{"rendered":"<p>L\u2019Ajuntament de Manresa va engegar ahir, 23 d\u2019abril, diada de Sant Jordi, el projecte \u201cBiblionius\u201d: una proposta de la Federaci\u00f3 d\u2019Associaci\u00f3 de Ve\u00efns de Manresa, i que compta tamb\u00e9 amb el suport de la Diputaci\u00f3 de Barcelona.<\/p>\n<p>Els Biblionius s\u00f3n casetes d\u2019intercanvi gratu\u00eft de llibres que, amb el lema \u201cDeixa un llibre i agafa\u2019n un altre\u201d, \u00a0volen aconseguir el foment i el gaudi de la lectura. \u00a0En aquestes casetes es podr\u00e0 deixar un llibre i agafar-ne un altre que et pugui interessar.<\/p>\n<p>La posada en marxa del projecte es va fer amb la instal\u00b7laci\u00f3 del primer Biblioniu a la pla\u00e7a Fius i Pal\u00e0. Hi van prendre part l\u2019orquestra Pizzicants de l\u2019escola Pare Algu\u00e9 i les Big Band de l\u2019escola Fedac Manresa i l\u2019 Institut Guillem Cat\u00e0.<\/p>\n<p>Us deixem un recull fotogr\u00e0fic de l\u2019actuaci\u00f3 dels alumnes de l\u2019escola. El podeu consultar al seg\u00fcent <a href=\"https:\/\/photos.app.goo.gl\/cw4GtVHC2YqKMVx38\">enlla\u00e7<\/a>.<\/p>\n","protected":false},"excerpt":{"rendered":"<p>L\u2019Ajuntament de Manresa va engegar ahir, 23 d\u2019abril, diada de Sant Jordi, el projecte \u201cBiblionius\u201d: una proposta de la Federaci\u00f3 d\u2019Associaci\u00f3 de Ve\u00efns de Manresa, i que compta tamb\u00e9 amb el suport de la Diputaci\u00f3 de Barcelona.<br \/>\nEls Biblionius s\u00f3n casetes d\u2019intercanvi gratu\u00eft de llibres que,&hellip;  <a href=\"https:\/\/agora.xtec.cat\/ceipparealgue\/portada\/actuacio-dels-pizzicants-en-la-inauguracio-del-projecte-biblionius\/\" title=\"Read ACTUACI\u00d3 DELS PIZZICANTS EN LA INAUGURACI\u00d3 DEL PROJECTE &#8220;BIBLIONIUS&#8221;\">Llegeix m\u00e9s\u00bb<\/a><\/p>\n","protected":false},"author":1,"featured_media":699,"comment_status":"open","ping_status":"closed","sticky":false,"template":"","format":"standard","meta":{"_bbp_topic_count":0,"_bbp_reply_count":0,"_bbp_total_topic_count":0,"_bbp_total_reply_count":0,"_bbp_voice_count":0,"_bbp_anonymous_reply_count":0,"_bbp_topic_count_hidden":0,"_bbp_reply_count_hidden":0,"_bbp_forum_subforum_count":0,"footnotes":""},"categories":[60,4],"tags":[],"class_list":["post-698","post","type-post","status-publish","format-standard","has-post-thumbnail","hentry","category-pizzicants","category-portada"],"post_mailing_queue_ids":[],"_links":{"self":[{"href":"https:\/\/agora.xtec.cat\/ceipparealgue\/wp-json\/wp\/v2\/posts\/698","targetHints":{"allow":["GET"]}}],"collection":[{"href":"https:\/\/agora.xtec.cat\/ceipparealgue\/wp-json\/wp\/v2\/posts"}],"about":[{"href":"https:\/\/agora.xtec.cat\/ceipparealgue\/wp-json\/wp\/v2\/types\/post"}],"author":[{"embeddable":true,"href":"https:\/\/agora.xtec.cat\/ceipparealgue\/wp-json\/wp\/v2\/users\/1"}],"replies":[{"embeddable":true,"href":"https:\/\/agora.xtec.cat\/ceipparealgue\/wp-json\/wp\/v2\/comments?post=698"}],"version-history":[{"count":3,"href":"https:\/\/agora.xtec.cat\/ceipparealgue\/wp-json\/wp\/v2\/posts\/698\/revisions"}],"predecessor-version":[{"id":841,"href":"https:\/\/agora.xtec.cat\/ceipparealgue\/wp-json\/wp\/v2\/posts\/698\/revisions\/841"}],"wp:featuredmedia":[{"embeddable":true,"href":"https:\/\/agora.xtec.cat\/ceipparealgue\/wp-json\/wp\/v2\/media\/699"}],"wp:attachment":[{"href":"https:\/\/agora.xtec.cat\/ceipparealgue\/wp-json\/wp\/v2\/media?parent=698"}],"wp:term":[{"taxonomy":"category","embeddable":true,"href":"https:\/\/agora.xtec.cat\/ceipparealgue\/wp-json\/wp\/v2\/categories?post=698"},{"taxonomy":"post_tag","embeddable":true,"href":"https:\/\/agora.xtec.cat\/ceipparealgue\/wp-json\/wp\/v2\/tags?post=698"}],"curies":[{"name":"wp","href":"https:\/\/api.w.org\/{rel}","templated":true}]}}