{"id":6757,"date":"2026-04-23T17:58:56","date_gmt":"2026-04-23T15:58:56","guid":{"rendered":"https:\/\/agora.xtec.cat\/ceipparealgue\/?p=6757"},"modified":"2026-04-23T17:59:24","modified_gmt":"2026-04-23T15:59:24","slug":"sortida-colonies-can-puig-2026-i3-i4-i5-p1","status":"publish","type":"post","link":"https:\/\/agora.xtec.cat\/ceipparealgue\/infantil\/sortida-colonies-can-puig-2026-i3-i4-i5-p1\/","title":{"rendered":"Sortida\/Col\u00f2nies- Can Puig 2026- i3, i4, i5, P1"},"content":{"rendered":"<p>Hola fam\u00edlies,<\/p>\n<p>Aqu\u00ed us deixem les imatges de la sortida i les col\u00f2nies que vam fer fa uns dies a Can Puig. Vam fer d&#8217;exploradors pels boscos coneixent les plantes i els animals que hi habiten. Vam gaudir molt\u00edssim de l&#8217;entorn i la casa. El menjar era bon\u00edssim i els espais fant\u00e0stics.<\/p>\n<p>Si cliqueu la foto podreu veure les imatges:<\/p>\n<p><a href=\"https:\/\/photos.app.goo.gl\/VC1qSPPssU8GpCLJ6\"><img loading=\"lazy\" decoding=\"async\" class=\"alignnone size-full wp-image-6758\" src=\"https:\/\/agora.xtec.cat\/ceipparealgue\/wp-content\/uploads\/usu157\/2026\/04\/IMG_7EF79F44DD16-1.jpeg\" alt=\"\" width=\"918\" height=\"918\" srcset=\"https:\/\/agora.xtec.cat\/ceipparealgue\/wp-content\/uploads\/usu157\/2026\/04\/IMG_7EF79F44DD16-1.jpeg 918w, https:\/\/agora.xtec.cat\/ceipparealgue\/wp-content\/uploads\/usu157\/2026\/04\/IMG_7EF79F44DD16-1-300x300.jpeg 300w, https:\/\/agora.xtec.cat\/ceipparealgue\/wp-content\/uploads\/usu157\/2026\/04\/IMG_7EF79F44DD16-1-150x150.jpeg 150w, https:\/\/agora.xtec.cat\/ceipparealgue\/wp-content\/uploads\/usu157\/2026\/04\/IMG_7EF79F44DD16-1-768x768.jpeg 768w\" sizes=\"auto, (max-width: 918px) 100vw, 918px\" \/><\/a><\/p>\n<p>Fins la propera!<\/p>\n","protected":false},"excerpt":{"rendered":"<p>Hola fam\u00edlies,<br \/>\nAqu\u00ed us deixem les imatges de la sortida i les col\u00f2nies que vam fer fa uns dies a Can Puig. Vam fer d&#8217;exploradors pels boscos coneixent les plantes i els animals que hi habiten. Vam gaudir molt\u00edssim de l&#8217;entorn i la casa. El menjar&hellip;  <a href=\"https:\/\/agora.xtec.cat\/ceipparealgue\/infantil\/sortida-colonies-can-puig-2026-i3-i4-i5-p1\/\" title=\"Read Sortida\/Col\u00f2nies- Can Puig 2026- i3, i4, i5, P1\">Llegeix m\u00e9s\u00bb<\/a><\/p>\n","protected":false},"author":49,"featured_media":6758,"comment_status":"closed","ping_status":"closed","sticky":false,"template":"","format":"standard","meta":{"_bbp_topic_count":0,"_bbp_reply_count":0,"_bbp_total_topic_count":0,"_bbp_total_reply_count":0,"_bbp_voice_count":0,"_bbp_anonymous_reply_count":0,"_bbp_topic_count_hidden":0,"_bbp_reply_count_hidden":0,"_bbp_forum_subforum_count":0,"footnotes":""},"categories":[2,4,73],"tags":[],"class_list":["post-6757","post","type-post","status-publish","format-standard","has-post-thumbnail","hentry","category-infantil","category-portada","category-promocio-2019"],"post_mailing_queue_ids":[],"_links":{"self":[{"href":"https:\/\/agora.xtec.cat\/ceipparealgue\/wp-json\/wp\/v2\/posts\/6757","targetHints":{"allow":["GET"]}}],"collection":[{"href":"https:\/\/agora.xtec.cat\/ceipparealgue\/wp-json\/wp\/v2\/posts"}],"about":[{"href":"https:\/\/agora.xtec.cat\/ceipparealgue\/wp-json\/wp\/v2\/types\/post"}],"author":[{"embeddable":true,"href":"https:\/\/agora.xtec.cat\/ceipparealgue\/wp-json\/wp\/v2\/users\/49"}],"replies":[{"embeddable":true,"href":"https:\/\/agora.xtec.cat\/ceipparealgue\/wp-json\/wp\/v2\/comments?post=6757"}],"version-history":[{"count":1,"href":"https:\/\/agora.xtec.cat\/ceipparealgue\/wp-json\/wp\/v2\/posts\/6757\/revisions"}],"predecessor-version":[{"id":6759,"href":"https:\/\/agora.xtec.cat\/ceipparealgue\/wp-json\/wp\/v2\/posts\/6757\/revisions\/6759"}],"wp:featuredmedia":[{"embeddable":true,"href":"https:\/\/agora.xtec.cat\/ceipparealgue\/wp-json\/wp\/v2\/media\/6758"}],"wp:attachment":[{"href":"https:\/\/agora.xtec.cat\/ceipparealgue\/wp-json\/wp\/v2\/media?parent=6757"}],"wp:term":[{"taxonomy":"category","embeddable":true,"href":"https:\/\/agora.xtec.cat\/ceipparealgue\/wp-json\/wp\/v2\/categories?post=6757"},{"taxonomy":"post_tag","embeddable":true,"href":"https:\/\/agora.xtec.cat\/ceipparealgue\/wp-json\/wp\/v2\/tags?post=6757"}],"curies":[{"name":"wp","href":"https:\/\/api.w.org\/{rel}","templated":true}]}}