{"id":6738,"date":"2026-04-16T18:07:07","date_gmt":"2026-04-16T16:07:07","guid":{"rendered":"https:\/\/agora.xtec.cat\/ceipparealgue\/?p=6738"},"modified":"2026-04-16T18:08:12","modified_gmt":"2026-04-16T16:08:12","slug":"i5-sortida-petits-cientifics-de-laigua","status":"publish","type":"post","link":"https:\/\/agora.xtec.cat\/ceipparealgue\/infantil\/i5-sortida-petits-cientifics-de-laigua\/","title":{"rendered":"i5- SORTIDA: PETITS CIENT\u00cdFICS DE L&#8217;AIGUA"},"content":{"rendered":"<p data-pm-slice=\"1 1 []\">Hola fam\u00edlies,<\/p>\n<p>Aquest dilluns vam anar d&#8217;excursi\u00f3 al centre de l&#8217;aigua de Can Font a fer de cient\u00edfics. Vam investigar com amb els sentits pod\u00edem saber si l&#8217;aigua estava bona per veure o no. A m\u00e9s, tamb\u00e9 vam descobrir que l&#8217;aigua agafava les propietats i colors dels llocs on passava.<\/p>\n<p>Clicant la seg\u00fcent foto podreu veure les imatges:<\/p>\n<p><a href=\"https:\/\/drive.google.com\/drive\/folders\/1C6y4_vNzk2XxXpcdQXav6BUENmDhIUHy?usp=drive_link\"><img loading=\"lazy\" decoding=\"async\" class=\"alignnone size-full wp-image-6739\" src=\"https:\/\/agora.xtec.cat\/ceipparealgue\/wp-content\/uploads\/usu157\/2026\/04\/IMG_7858.jpg\" alt=\"\" width=\"918\" height=\"918\" srcset=\"https:\/\/agora.xtec.cat\/ceipparealgue\/wp-content\/uploads\/usu157\/2026\/04\/IMG_7858.jpg 918w, https:\/\/agora.xtec.cat\/ceipparealgue\/wp-content\/uploads\/usu157\/2026\/04\/IMG_7858-300x300.jpg 300w, https:\/\/agora.xtec.cat\/ceipparealgue\/wp-content\/uploads\/usu157\/2026\/04\/IMG_7858-150x150.jpg 150w, https:\/\/agora.xtec.cat\/ceipparealgue\/wp-content\/uploads\/usu157\/2026\/04\/IMG_7858-768x768.jpg 768w\" sizes=\"auto, (max-width: 918px) 100vw, 918px\" \/><\/a>Fins la propera!!!<\/p>\n<p>#STEAM<\/p>\n","protected":false},"excerpt":{"rendered":"<p>Hola fam\u00edlies,<br \/>\nAquest dilluns vam anar d&#8217;excursi\u00f3 al centre de l&#8217;aigua de Can Font a fer de cient\u00edfics. Vam investigar com amb els sentits pod\u00edem saber si l&#8217;aigua estava bona per veure o no. A m\u00e9s, tamb\u00e9 vam descobrir que l&#8217;aigua agafava les propietats i colors&hellip;  <a href=\"https:\/\/agora.xtec.cat\/ceipparealgue\/infantil\/i5-sortida-petits-cientifics-de-laigua\/\" title=\"Read i5- SORTIDA: PETITS CIENT\u00cdFICS DE L&#8217;AIGUA\">Llegeix m\u00e9s\u00bb<\/a><\/p>\n","protected":false},"author":49,"featured_media":6739,"comment_status":"closed","ping_status":"closed","sticky":false,"template":"","format":"standard","meta":{"_bbp_topic_count":0,"_bbp_reply_count":0,"_bbp_total_topic_count":0,"_bbp_total_reply_count":0,"_bbp_voice_count":0,"_bbp_anonymous_reply_count":0,"_bbp_topic_count_hidden":0,"_bbp_reply_count_hidden":0,"_bbp_forum_subforum_count":0,"footnotes":""},"categories":[2,4,81],"tags":[],"class_list":["post-6738","post","type-post","status-publish","format-standard","has-post-thumbnail","hentry","category-infantil","category-portada","category-promocio-2020-i3"],"post_mailing_queue_ids":[],"_links":{"self":[{"href":"https:\/\/agora.xtec.cat\/ceipparealgue\/wp-json\/wp\/v2\/posts\/6738","targetHints":{"allow":["GET"]}}],"collection":[{"href":"https:\/\/agora.xtec.cat\/ceipparealgue\/wp-json\/wp\/v2\/posts"}],"about":[{"href":"https:\/\/agora.xtec.cat\/ceipparealgue\/wp-json\/wp\/v2\/types\/post"}],"author":[{"embeddable":true,"href":"https:\/\/agora.xtec.cat\/ceipparealgue\/wp-json\/wp\/v2\/users\/49"}],"replies":[{"embeddable":true,"href":"https:\/\/agora.xtec.cat\/ceipparealgue\/wp-json\/wp\/v2\/comments?post=6738"}],"version-history":[{"count":1,"href":"https:\/\/agora.xtec.cat\/ceipparealgue\/wp-json\/wp\/v2\/posts\/6738\/revisions"}],"predecessor-version":[{"id":6740,"href":"https:\/\/agora.xtec.cat\/ceipparealgue\/wp-json\/wp\/v2\/posts\/6738\/revisions\/6740"}],"wp:featuredmedia":[{"embeddable":true,"href":"https:\/\/agora.xtec.cat\/ceipparealgue\/wp-json\/wp\/v2\/media\/6739"}],"wp:attachment":[{"href":"https:\/\/agora.xtec.cat\/ceipparealgue\/wp-json\/wp\/v2\/media?parent=6738"}],"wp:term":[{"taxonomy":"category","embeddable":true,"href":"https:\/\/agora.xtec.cat\/ceipparealgue\/wp-json\/wp\/v2\/categories?post=6738"},{"taxonomy":"post_tag","embeddable":true,"href":"https:\/\/agora.xtec.cat\/ceipparealgue\/wp-json\/wp\/v2\/tags?post=6738"}],"curies":[{"name":"wp","href":"https:\/\/api.w.org\/{rel}","templated":true}]}}