{"id":6724,"date":"2026-04-10T21:46:01","date_gmt":"2026-04-10T19:46:01","guid":{"rendered":"https:\/\/agora.xtec.cat\/ceipparealgue\/?p=6724"},"modified":"2026-04-10T21:46:01","modified_gmt":"2026-04-10T19:46:01","slug":"serem-tastaolletes-i-monjos-un-dia-a-sant-benet","status":"publish","type":"post","link":"https:\/\/agora.xtec.cat\/ceipparealgue\/general\/serem-tastaolletes-i-monjos-un-dia-a-sant-benet\/","title":{"rendered":"SEREM TASTAOLLETES I MONJOS: UN DIA A SANT BENET"},"content":{"rendered":"<p>Hola fam\u00edlies:<\/p>\n<p style=\"text-align: justify\">Els nens i nenes de Cicle Inicial van fer una sortida a Sant Benet de Bages, on van gaudir d\u2019una jornada molt enriquidora. En primer lloc, van participar en el taller \u201cTastaolletes\u201d, on van experimentar amb la cuina tot elaborant gelatina, mantega i esferificacions. Va ser una activitat molt divertida i educativa, ja que van poder observar i manipular diferents processos culinaris. Tot seguit, van fer la visita al monestir. on van con\u00e8ixer les depend\u00e8ncies m\u00e9s importants.<\/p>\n<p style=\"text-align: justify\">Van passejar pels diferents espais i van descobrir com era la vida dels monjos antig<a href=\"https:\/\/agora.xtec.cat\/ceipparealgue\/wp-content\/uploads\/usu157\/2026\/04\/2CE4F0CE-FA41-4439-B391-DA36860F6279.jpg\"><img loading=\"lazy\" decoding=\"async\" class=\"wp-image-6725 alignright\" src=\"https:\/\/agora.xtec.cat\/ceipparealgue\/wp-content\/uploads\/usu157\/2026\/04\/2CE4F0CE-FA41-4439-B391-DA36860F6279.jpg\" alt=\"\" width=\"233\" height=\"256\" srcset=\"https:\/\/agora.xtec.cat\/ceipparealgue\/wp-content\/uploads\/usu157\/2026\/04\/2CE4F0CE-FA41-4439-B391-DA36860F6279.jpg 1440w, https:\/\/agora.xtec.cat\/ceipparealgue\/wp-content\/uploads\/usu157\/2026\/04\/2CE4F0CE-FA41-4439-B391-DA36860F6279-272x300.jpg 272w, https:\/\/agora.xtec.cat\/ceipparealgue\/wp-content\/uploads\/usu157\/2026\/04\/2CE4F0CE-FA41-4439-B391-DA36860F6279-930x1024.jpg 930w, https:\/\/agora.xtec.cat\/ceipparealgue\/wp-content\/uploads\/usu157\/2026\/04\/2CE4F0CE-FA41-4439-B391-DA36860F6279-768x846.jpg 768w, https:\/\/agora.xtec.cat\/ceipparealgue\/wp-content\/uploads\/usu157\/2026\/04\/2CE4F0CE-FA41-4439-B391-DA36860F6279-1395x1536.jpg 1395w\" sizes=\"auto, (max-width: 233px) 100vw, 233px\" \/><\/a>ament. La sortida va ser una experi\u00e8ncia molt interessant que va combinar aprenentatge i diversi\u00f3.<\/p>\n<p style=\"text-align: justify\">Per un monent es van sentir monjos i grans cuiners\/eres.<\/p>\n<p style=\"text-align: justify\">Si cliqueu podreu veure com s&#8217;ho van passar els nens i nenes de <a href=\"https:\/\/drive.google.com\/drive\/folders\/1r6tPPsJmQ3ACvaN4DgS6Hn8kCmlbSAM-?usp=sharing\">P1<\/a> i <a href=\"https:\/\/drive.google.com\/drive\/folders\/1fvDk77urbfShk9wHy8NXYnnHrk-pn6MP?usp=sharing\">P2<\/a><\/p>\n<p style=\"text-align: center\">\n","protected":false},"excerpt":{"rendered":"<p>Hola fam\u00edlies:<br \/>\nEls nens i nenes de Cicle Inicial van fer una sortida a Sant Benet de Bages, on van gaudir d\u2019una jornada molt enriquidora. En primer lloc, van participar en el taller \u201cTastaolletes\u201d, on van experimentar amb la cuina tot elaborant gelatina, mantega i esferificacions.&hellip;  <a href=\"https:\/\/agora.xtec.cat\/ceipparealgue\/general\/serem-tastaolletes-i-monjos-un-dia-a-sant-benet\/\" title=\"Read SEREM TASTAOLLETES I MONJOS: UN DIA A SANT BENET\">Llegeix m\u00e9s\u00bb<\/a><\/p>\n","protected":false},"author":50,"featured_media":0,"comment_status":"open","ping_status":"open","sticky":false,"template":"","format":"standard","meta":{"_bbp_topic_count":0,"_bbp_reply_count":0,"_bbp_total_topic_count":0,"_bbp_total_reply_count":0,"_bbp_voice_count":0,"_bbp_anonymous_reply_count":0,"_bbp_topic_count_hidden":0,"_bbp_reply_count_hidden":0,"_bbp_forum_subforum_count":0,"footnotes":""},"categories":[108,1,4],"tags":[100,16,93],"class_list":["post-6724","post","type-post","status-publish","format-standard","hentry","category-c-inicial","category-general","category-portada","tag-curs-25-26","tag-sortides","tag-tallers"],"post_mailing_queue_ids":[],"_links":{"self":[{"href":"https:\/\/agora.xtec.cat\/ceipparealgue\/wp-json\/wp\/v2\/posts\/6724","targetHints":{"allow":["GET"]}}],"collection":[{"href":"https:\/\/agora.xtec.cat\/ceipparealgue\/wp-json\/wp\/v2\/posts"}],"about":[{"href":"https:\/\/agora.xtec.cat\/ceipparealgue\/wp-json\/wp\/v2\/types\/post"}],"author":[{"embeddable":true,"href":"https:\/\/agora.xtec.cat\/ceipparealgue\/wp-json\/wp\/v2\/users\/50"}],"replies":[{"embeddable":true,"href":"https:\/\/agora.xtec.cat\/ceipparealgue\/wp-json\/wp\/v2\/comments?post=6724"}],"version-history":[{"count":3,"href":"https:\/\/agora.xtec.cat\/ceipparealgue\/wp-json\/wp\/v2\/posts\/6724\/revisions"}],"predecessor-version":[{"id":6731,"href":"https:\/\/agora.xtec.cat\/ceipparealgue\/wp-json\/wp\/v2\/posts\/6724\/revisions\/6731"}],"wp:attachment":[{"href":"https:\/\/agora.xtec.cat\/ceipparealgue\/wp-json\/wp\/v2\/media?parent=6724"}],"wp:term":[{"taxonomy":"category","embeddable":true,"href":"https:\/\/agora.xtec.cat\/ceipparealgue\/wp-json\/wp\/v2\/categories?post=6724"},{"taxonomy":"post_tag","embeddable":true,"href":"https:\/\/agora.xtec.cat\/ceipparealgue\/wp-json\/wp\/v2\/tags?post=6724"}],"curies":[{"name":"wp","href":"https:\/\/api.w.org\/{rel}","templated":true}]}}