{"id":6647,"date":"2026-03-05T10:47:03","date_gmt":"2026-03-05T09:47:03","guid":{"rendered":"https:\/\/agora.xtec.cat\/ceipparealgue\/?p=6647"},"modified":"2026-03-05T10:59:08","modified_gmt":"2026-03-05T09:59:08","slug":"una-tarda-castellera","status":"publish","type":"post","link":"https:\/\/agora.xtec.cat\/ceipparealgue\/general\/una-tarda-castellera\/","title":{"rendered":"UNA TARDA CASTELLERA"},"content":{"rendered":"<p>&nbsp;<\/p>\n<p>&nbsp;<\/p>\n<p style=\"text-align: justify\">La colla castellera Tirallongues de Manresa ens visiten una tarda durant la setmana cultural. Ens fan un taller molt interessant i divertit. Ens expliquen una mica de la seva hist\u00f2ria, ens presenten els m\u00fasics de la colla i ens informen de la import\u00e0ncia del <em>toc de castells<\/em>. Tamb\u00e9 munten un circuit per que entenguem la import\u00e0ncia d&#8217;un bon entrenament de preparaci\u00f3 abans de intentar pujar a un castell. Finalment organitzen diversos espais per mostrar-nos com pujar a un castell i ens conviden a provar-ho. Va ser una tarda molt divertida on vam descobrir un nou m\u00f3n, el dels <a href=\"https:\/\/drive.google.com\/drive\/folders\/1RTLo-vVzM5g89DBh9mRUjdGSAPImYa72?usp=drive_link\">castells!<\/a><\/p>\n","protected":false},"excerpt":{"rendered":"<p>&nbsp;<br \/>\n&nbsp;<br \/>\nLa colla castellera Tirallongues de Manresa ens visiten una tarda durant la setmana cultural. Ens fan un taller molt interessant i divertit. Ens expliquen una mica de la seva hist\u00f2ria, ens presenten els m\u00fasics de la colla i ens informen de la import\u00e0ncia del toc&hellip;  <a href=\"https:\/\/agora.xtec.cat\/ceipparealgue\/general\/una-tarda-castellera\/\" title=\"Read UNA TARDA CASTELLERA\">Llegeix m\u00e9s\u00bb<\/a><\/p>\n","protected":false},"author":50,"featured_media":0,"comment_status":"open","ping_status":"open","sticky":false,"template":"","format":"standard","meta":{"_bbp_topic_count":0,"_bbp_reply_count":0,"_bbp_total_topic_count":0,"_bbp_total_reply_count":0,"_bbp_voice_count":0,"_bbp_anonymous_reply_count":0,"_bbp_topic_count_hidden":0,"_bbp_reply_count_hidden":0,"_bbp_forum_subforum_count":0,"footnotes":""},"categories":[108,1,4,73],"tags":[100,107,93],"class_list":["post-6647","post","type-post","status-publish","format-standard","hentry","category-c-inicial","category-general","category-portada","category-promocio-2019","tag-curs-25-26","tag-festa-major","tag-tallers"],"post_mailing_queue_ids":[],"_links":{"self":[{"href":"https:\/\/agora.xtec.cat\/ceipparealgue\/wp-json\/wp\/v2\/posts\/6647","targetHints":{"allow":["GET"]}}],"collection":[{"href":"https:\/\/agora.xtec.cat\/ceipparealgue\/wp-json\/wp\/v2\/posts"}],"about":[{"href":"https:\/\/agora.xtec.cat\/ceipparealgue\/wp-json\/wp\/v2\/types\/post"}],"author":[{"embeddable":true,"href":"https:\/\/agora.xtec.cat\/ceipparealgue\/wp-json\/wp\/v2\/users\/50"}],"replies":[{"embeddable":true,"href":"https:\/\/agora.xtec.cat\/ceipparealgue\/wp-json\/wp\/v2\/comments?post=6647"}],"version-history":[{"count":1,"href":"https:\/\/agora.xtec.cat\/ceipparealgue\/wp-json\/wp\/v2\/posts\/6647\/revisions"}],"predecessor-version":[{"id":6649,"href":"https:\/\/agora.xtec.cat\/ceipparealgue\/wp-json\/wp\/v2\/posts\/6647\/revisions\/6649"}],"wp:attachment":[{"href":"https:\/\/agora.xtec.cat\/ceipparealgue\/wp-json\/wp\/v2\/media?parent=6647"}],"wp:term":[{"taxonomy":"category","embeddable":true,"href":"https:\/\/agora.xtec.cat\/ceipparealgue\/wp-json\/wp\/v2\/categories?post=6647"},{"taxonomy":"post_tag","embeddable":true,"href":"https:\/\/agora.xtec.cat\/ceipparealgue\/wp-json\/wp\/v2\/tags?post=6647"}],"curies":[{"name":"wp","href":"https:\/\/api.w.org\/{rel}","templated":true}]}}