{"id":6594,"date":"2026-01-13T20:09:26","date_gmt":"2026-01-13T19:09:26","guid":{"rendered":"https:\/\/agora.xtec.cat\/ceipparealgue\/?p=6594"},"modified":"2026-01-13T20:10:41","modified_gmt":"2026-01-13T19:10:41","slug":"pizzicants-25-26","status":"publish","type":"post","link":"https:\/\/agora.xtec.cat\/ceipparealgue\/general\/pizzicants-25-26\/","title":{"rendered":"Pizzicants 25-26"},"content":{"rendered":"<p><a href=\"https:\/\/photos.app.goo.gl\/bkzUEkKjQ4nJsTrr6\"><img loading=\"lazy\" decoding=\"async\" class=\"wp-image-6595 aligncenter\" src=\"https:\/\/agora.xtec.cat\/ceipparealgue\/wp-content\/uploads\/usu157\/2026\/01\/PHOTO-2026-01-13-15-31-093-1024x768.jpg\" alt=\"\" width=\"732\" height=\"549\" srcset=\"https:\/\/agora.xtec.cat\/ceipparealgue\/wp-content\/uploads\/usu157\/2026\/01\/PHOTO-2026-01-13-15-31-093-1024x768.jpg 1024w, https:\/\/agora.xtec.cat\/ceipparealgue\/wp-content\/uploads\/usu157\/2026\/01\/PHOTO-2026-01-13-15-31-093-300x225.jpg 300w, https:\/\/agora.xtec.cat\/ceipparealgue\/wp-content\/uploads\/usu157\/2026\/01\/PHOTO-2026-01-13-15-31-093-768x576.jpg 768w, https:\/\/agora.xtec.cat\/ceipparealgue\/wp-content\/uploads\/usu157\/2026\/01\/PHOTO-2026-01-13-15-31-093-1536x1152.jpg 1536w, https:\/\/agora.xtec.cat\/ceipparealgue\/wp-content\/uploads\/usu157\/2026\/01\/PHOTO-2026-01-13-15-31-093-200x150.jpg 200w, https:\/\/agora.xtec.cat\/ceipparealgue\/wp-content\/uploads\/usu157\/2026\/01\/PHOTO-2026-01-13-15-31-093.jpg 1600w\" sizes=\"auto, (max-width: 732px) 100vw, 732px\" \/><\/a><\/p>\n<p>El passat <strong data-start=\"92\" data-end=\"110\">18 de desembre<\/strong> es va dur a terme un concert a c\u00e0rrec d\u2019alguns alumnes de l\u2019escola. Durant l\u2019actuaci\u00f3, els alumnes van posar en pr\u00e0ctica tot all\u00f2 que han treballat a classe amb els instruments, mostrant l\u2019esfor\u00e7, l\u2019aprenentatge i la il\u00b7lusi\u00f3 per la m\u00fasica. Clicant a la imatge, podeu veure un recull de fotos del concert.<\/p>\n<p>&nbsp;<\/p>\n","protected":false},"excerpt":{"rendered":"<p><a href=\"https:\/\/photos.app.goo.gl\/bkzUEkKjQ4nJsTrr6\"><\/a><br \/>\nEl passat 18 de desembre es va dur a terme un concert a c\u00e0rrec d\u2019alguns alumnes de l\u2019escola. Durant l\u2019actuaci\u00f3, els alumnes van posar en pr\u00e0ctica tot all\u00f2 que han treballat a classe amb els instruments, mostrant l\u2019esfor\u00e7, l\u2019aprenentatge i la il\u00b7lusi\u00f3 per la&hellip;  <a href=\"https:\/\/agora.xtec.cat\/ceipparealgue\/general\/pizzicants-25-26\/\" title=\"Read Pizzicants 25-26\">Llegeix m\u00e9s\u00bb<\/a><\/p>\n","protected":false},"author":1,"featured_media":6595,"comment_status":"open","ping_status":"open","sticky":false,"template":"","format":"standard","meta":{"_bbp_topic_count":0,"_bbp_reply_count":0,"_bbp_total_topic_count":0,"_bbp_total_reply_count":0,"_bbp_voice_count":0,"_bbp_anonymous_reply_count":0,"_bbp_topic_count_hidden":0,"_bbp_reply_count_hidden":0,"_bbp_forum_subforum_count":0,"footnotes":""},"categories":[1,60,4,5],"tags":[],"class_list":["post-6594","post","type-post","status-publish","format-standard","has-post-thumbnail","hentry","category-general","category-pizzicants","category-portada","category-primaria"],"post_mailing_queue_ids":[],"_links":{"self":[{"href":"https:\/\/agora.xtec.cat\/ceipparealgue\/wp-json\/wp\/v2\/posts\/6594","targetHints":{"allow":["GET"]}}],"collection":[{"href":"https:\/\/agora.xtec.cat\/ceipparealgue\/wp-json\/wp\/v2\/posts"}],"about":[{"href":"https:\/\/agora.xtec.cat\/ceipparealgue\/wp-json\/wp\/v2\/types\/post"}],"author":[{"embeddable":true,"href":"https:\/\/agora.xtec.cat\/ceipparealgue\/wp-json\/wp\/v2\/users\/1"}],"replies":[{"embeddable":true,"href":"https:\/\/agora.xtec.cat\/ceipparealgue\/wp-json\/wp\/v2\/comments?post=6594"}],"version-history":[{"count":2,"href":"https:\/\/agora.xtec.cat\/ceipparealgue\/wp-json\/wp\/v2\/posts\/6594\/revisions"}],"predecessor-version":[{"id":6597,"href":"https:\/\/agora.xtec.cat\/ceipparealgue\/wp-json\/wp\/v2\/posts\/6594\/revisions\/6597"}],"wp:featuredmedia":[{"embeddable":true,"href":"https:\/\/agora.xtec.cat\/ceipparealgue\/wp-json\/wp\/v2\/media\/6595"}],"wp:attachment":[{"href":"https:\/\/agora.xtec.cat\/ceipparealgue\/wp-json\/wp\/v2\/media?parent=6594"}],"wp:term":[{"taxonomy":"category","embeddable":true,"href":"https:\/\/agora.xtec.cat\/ceipparealgue\/wp-json\/wp\/v2\/categories?post=6594"},{"taxonomy":"post_tag","embeddable":true,"href":"https:\/\/agora.xtec.cat\/ceipparealgue\/wp-json\/wp\/v2\/tags?post=6594"}],"curies":[{"name":"wp","href":"https:\/\/api.w.org\/{rel}","templated":true}]}}