{"id":6569,"date":"2025-12-22T15:28:48","date_gmt":"2025-12-22T14:28:48","guid":{"rendered":"https:\/\/agora.xtec.cat\/ceipparealgue\/?p=6569"},"modified":"2025-12-22T15:28:48","modified_gmt":"2025-12-22T14:28:48","slug":"nadal-a-p6","status":"publish","type":"post","link":"https:\/\/agora.xtec.cat\/ceipparealgue\/general\/nadal-a-p6\/","title":{"rendered":"Nadal a P6"},"content":{"rendered":"<p>Bona tarda a tothom!<\/p>\n<p>El darrer dia del trimestre vam viure activitats molt nadalenques a l&#8217;escola, concretament en la classe de P6. Vam realitzar l&#8217;amic invisible, vam rebre la visita del Pare Nadal i vam fer un pica-pica tots plegats. Finalment, vam veure una pel\u00b7l\u00edcula nadalenca molt divertida! Va ser un mat\u00ed ple d&#8217;emocions i on l&#8217;amistat era la protagonista. A continuaci\u00f3, podeu veure algunes de les fotografies del nostre mat\u00ed nadalenc: <a href=\"https:\/\/photos.app.goo.gl\/6i38zKwNVCgkAfwQ9\">Nadal a P6<\/a><\/p>\n","protected":false},"excerpt":{"rendered":"<p>Bona tarda a tothom!<br \/>\nEl darrer dia del trimestre vam viure activitats molt nadalenques a l&#8217;escola, concretament en la classe de P6. Vam realitzar l&#8217;amic invisible, vam rebre la visita del Pare Nadal i vam fer un pica-pica tots plegats. Finalment, vam veure una pel\u00b7l\u00edcula nadalenca&hellip;  <a href=\"https:\/\/agora.xtec.cat\/ceipparealgue\/general\/nadal-a-p6\/\" title=\"Read Nadal a P6\">Llegeix m\u00e9s\u00bb<\/a><\/p>\n","protected":false},"author":52,"featured_media":0,"comment_status":"open","ping_status":"open","sticky":false,"template":"","format":"standard","meta":{"_bbp_topic_count":0,"_bbp_reply_count":0,"_bbp_total_topic_count":0,"_bbp_total_reply_count":0,"_bbp_voice_count":0,"_bbp_anonymous_reply_count":0,"_bbp_topic_count_hidden":0,"_bbp_reply_count_hidden":0,"_bbp_forum_subforum_count":0,"footnotes":""},"categories":[1,4,5,9],"tags":[],"class_list":["post-6569","post","type-post","status-publish","format-standard","hentry","category-general","category-portada","category-primaria","category-9"],"post_mailing_queue_ids":[],"_links":{"self":[{"href":"https:\/\/agora.xtec.cat\/ceipparealgue\/wp-json\/wp\/v2\/posts\/6569","targetHints":{"allow":["GET"]}}],"collection":[{"href":"https:\/\/agora.xtec.cat\/ceipparealgue\/wp-json\/wp\/v2\/posts"}],"about":[{"href":"https:\/\/agora.xtec.cat\/ceipparealgue\/wp-json\/wp\/v2\/types\/post"}],"author":[{"embeddable":true,"href":"https:\/\/agora.xtec.cat\/ceipparealgue\/wp-json\/wp\/v2\/users\/52"}],"replies":[{"embeddable":true,"href":"https:\/\/agora.xtec.cat\/ceipparealgue\/wp-json\/wp\/v2\/comments?post=6569"}],"version-history":[{"count":1,"href":"https:\/\/agora.xtec.cat\/ceipparealgue\/wp-json\/wp\/v2\/posts\/6569\/revisions"}],"predecessor-version":[{"id":6570,"href":"https:\/\/agora.xtec.cat\/ceipparealgue\/wp-json\/wp\/v2\/posts\/6569\/revisions\/6570"}],"wp:attachment":[{"href":"https:\/\/agora.xtec.cat\/ceipparealgue\/wp-json\/wp\/v2\/media?parent=6569"}],"wp:term":[{"taxonomy":"category","embeddable":true,"href":"https:\/\/agora.xtec.cat\/ceipparealgue\/wp-json\/wp\/v2\/categories?post=6569"},{"taxonomy":"post_tag","embeddable":true,"href":"https:\/\/agora.xtec.cat\/ceipparealgue\/wp-json\/wp\/v2\/tags?post=6569"}],"curies":[{"name":"wp","href":"https:\/\/api.w.org\/{rel}","templated":true}]}}